{"id":480132,"date":"2017-05-22T11:48:28","date_gmt":"2017-05-22T16:48:28","guid":{"rendered":"https:\/\/www.futboltotal.com.mx\/?p=480132"},"modified":"2017-05-22T13:32:52","modified_gmt":"2017-05-22T18:32:52","slug":"11-ideal-las-semifinales-del-clausura-2017","status":"publish","type":"post","link":"http:\/\/desarrollo.grupomedios.com\/futbol\/destacado-home\/11-ideal-las-semifinales-del-clausura-2017\/2017\/05","title":{"rendered":"El 11 ideal de las semifinales del Clausura 2017"},"content":{"rendered":"<p><span style=\"color: #3366ff;\">48Definida la Gran Final del Clausura 2017<\/span>, lleg\u00f3 el momento de conocer qui\u00e9nes fueron los mejores jugadores que dejaron el alma en las Semifinales y se ganaron un lugar en <strong>el 11 ideal de Futbol Total<\/strong>.<\/p>\n<p>Estos fueron los jugadores que tuvieron un rendimiento notable y que fueron vitales para que sus equipos luchar\u00e1n hasta el \u00faltimo instante y cumplieran el sue\u00f1o de llegar a la \u00faltima batalla por el t\u00edtulo.<\/p>\n<p style=\"text-align: center;\"><span style=\"color: #3366ff;\"><a style=\"color: #3366ff;\" href=\"https:\/\/www.futboltotal.com.mx\/2017\/05\/resumen-de-las-semifinales-del-clausura-2017\/\">VER M\u00c1S: Los mejores momentos de las Semifinales del Clausura 2017<\/a>\u00a0<\/span><a href=\"https:\/\/www.futboltotal.com.mx\/wp-content\/uploads\/2017\/05\/Semifnales-CL2017-11-ideal.jpg\"><img decoding=\"async\" loading=\"lazy\" class=\"alignnone size-full wp-image-480139\" src=\"https:\/\/www.futboltotal.com.mx\/wp-content\/uploads\/2017\/05\/Semifnales-CL2017-11-ideal.jpg\" alt=\"El 11 ideal de las semifinales del Clausura 2017 0\" srcset=\"http:\/\/desarrollo.grupomedios.com\/futbol\/wp-content\/uploads\/2017\/05\/Semifnales-CL2017-11-ideal.jpg 858w, http:\/\/desarrollo.grupomedios.com\/futbol\/wp-content\/uploads\/2017\/05\/Semifnales-CL2017-11-ideal-213x300.jpg 213w, http:\/\/desarrollo.grupomedios.com\/futbol\/wp-content\/uploads\/2017\/05\/Semifnales-CL2017-11-ideal-768x1083.jpg 768w, http:\/\/desarrollo.grupomedios.com\/futbol\/wp-content\/uploads\/2017\/05\/Semifnales-CL2017-11-ideal-726x1024.jpg 726w\" sizes=\"(max-width: 858px) 100vw, 858px\" \/><\/a><\/p>\n<p style=\"text-align: left;\"><strong>Nahuel Guzm\u00e1n:<\/strong> Estuvo impecable en el marco y con tres portentosas atajadas sofoc\u00f3 al remontada de Xolos.<\/p>\n<p style=\"text-align: left;\"><strong>Rodrigo Salinas:<\/strong> Fue de lo mejor que tuvo Toluca. Hizo buenas coberturas y desahog\u00f3 la salida por la banda derecha.<\/p>\n<p style=\"text-align: left;\"><strong>Hugo Ayala:<\/strong> El central siempre estuvo bien ubicado. Tuvo una buena labor tanto en el mano a mano y en las coberturas dos a uno.<\/p>\n<p style=\"text-align: left;\"><strong>Carlos Salcido:<\/strong> L\u00edder y capit\u00e1n indiscutible. Dej\u00f3 todo en el campo hasta que sali\u00f3 por un fuerte golpe en la espalda tras pelear una pelota divida.<\/p>\n<p style=\"text-align: left;\"><strong>Chaka Rodr\u00edguez:<\/strong> El mejor lateral que tradujo cada pelota por la banda en una jugada de peligro para Tigres.<\/p>\n<p style=\"text-align: left;\"><strong>Guido Pizarro:<\/strong> Inteligente con y sin bal\u00f3n. Fue la clave para desarticular el mediocampo de Xolos.<\/p>\n<p style=\"text-align: left;\"><strong>Lucas Zelaray\u00e1n:<\/strong> El volante ofensivo m\u00e1s influyente. Gol y asistencia para Aquino en el duelo de Ida.<\/p>\n<p style=\"text-align: left;\"><strong>Orbel\u00edn Pineda:<\/strong> Jam\u00e1s se cans\u00f3 de correr, pelear una pelota o sumarse al ataque. Su \u00fanica nota mala fue un bal\u00f3n al larguero.<\/p>\n<p style=\"text-align: left;\"><strong>Rodolfo Pizarro:<\/strong> Cerebro de Chivas. Con su regate exquisito le hizo ver su suerte a la defensa del Toluca y, adem\u00e1s, enfri\u00f3 el partido en la recta final con gran inteligencia.<\/p>\n<p style=\"text-align: left;\"><strong>Javier Aquino:<\/strong> Amo y se\u00f1or de la banda derecha. Dinamit\u00f3 tirando diagonales y marc\u00f3 dos tantos en la serie.<\/p>\n<p style=\"text-align: left;\"><strong>Andr\u00e9-Pierre Gignac:<\/strong> Sin goles en la Vuelta, el franc\u00e9s fue coestelar en los dos goles: primero un taquito y despu\u00e9s asistiendo a J\u00fcrgen Damm.<\/p>\n","protected":false},"excerpt":{"rendered":"<p>Te presentamos a los jugadores que destacaron en la serie de semis. <\/p>\n","protected":false},"author":20,"featured_media":480144,"comment_status":"closed","ping_status":"closed","sticky":false,"template":"","format":"standard","meta":[],"categories":[5,2198,3845],"tags":[7732],"_links":{"self":[{"href":"http:\/\/desarrollo.grupomedios.com\/futbol\/wp-json\/wp\/v2\/posts\/480132"}],"collection":[{"href":"http:\/\/desarrollo.grupomedios.com\/futbol\/wp-json\/wp\/v2\/posts"}],"about":[{"href":"http:\/\/desarrollo.grupomedios.com\/futbol\/wp-json\/wp\/v2\/types\/post"}],"author":[{"embeddable":true,"href":"http:\/\/desarrollo.grupomedios.com\/futbol\/wp-json\/wp\/v2\/users\/20"}],"replies":[{"embeddable":true,"href":"http:\/\/desarrollo.grupomedios.com\/futbol\/wp-json\/wp\/v2\/comments?post=480132"}],"version-history":[{"count":7,"href":"http:\/\/desarrollo.grupomedios.com\/futbol\/wp-json\/wp\/v2\/posts\/480132\/revisions"}],"predecessor-version":[{"id":480163,"href":"http:\/\/desarrollo.grupomedios.com\/futbol\/wp-json\/wp\/v2\/posts\/480132\/revisions\/480163"}],"wp:featuredmedia":[{"embeddable":true,"href":"http:\/\/desarrollo.grupomedios.com\/futbol\/wp-json\/wp\/v2\/media\/480144"}],"wp:attachment":[{"href":"http:\/\/desarrollo.grupomedios.com\/futbol\/wp-json\/wp\/v2\/media?parent=480132"}],"wp:term":[{"taxonomy":"category","embeddable":true,"href":"http:\/\/desarrollo.grupomedios.com\/futbol\/wp-json\/wp\/v2\/categories?post=480132"},{"taxonomy":"post_tag","embeddable":true,"href":"http:\/\/desarrollo.grupomedios.com\/futbol\/wp-json\/wp\/v2\/tags?post=480132"}],"curies":[{"name":"wp","href":"https:\/\/api.w.org\/{rel}","templated":true}]}}