{"id":480134,"date":"2017-05-22T10:46:13","date_gmt":"2017-05-22T15:46:13","guid":{"rendered":"https:\/\/www.futboltotal.com.mx\/?p=480134"},"modified":"2017-05-22T10:46:13","modified_gmt":"2017-05-22T15:46:13","slug":"gran-final-del-clausura-2017chivas-tigres-tv-paga","status":"publish","type":"post","link":"http:\/\/desarrollo.grupomedios.com\/futbol\/futbol-mexicano\/gran-final-del-clausura-2017chivas-tigres-tv-paga\/2017\/05","title":{"rendered":"Final de vuelta del Clausura 2017, Chivas-Tigres, s\u00f3lo por TV de paga"},"content":{"rendered":"<p>Ni la vuelta de las transmisiones de los partidos de <strong>Chivas<\/strong> a algunas de las plataformas de <strong>Televisa<\/strong> bastar\u00e1n para que la f<span style=\"color: #333399;\"><a style=\"color: #333399;\" href=\"https:\/\/www.futboltotal.com.mx\/2017\/05\/final-inedita-chivas-tigres-decidiran-al-campeon\/\" target=\"_blank\" rel=\"noopener noreferrer\">inal de vuelta del torneo <strong>Clausura 2017<\/strong> entre el <strong>Guadalajara<\/strong> y <strong>Tigres<\/strong><\/a><\/span> se pueda ver por <strong>televisi\u00f3n abierta<\/strong>.<\/p>\n<p>La opci\u00f3n de Televisa para hacer llegar la se\u00f1al del partido a sus usuarios de televisi\u00f3n \u00fanicamente ser\u00e1 por <strong>TDN<\/strong>, disponible \u00fanicamente en <strong>sistema de paga<\/strong>.<\/p>\n<p style=\"text-align: center;\"><a href=\"https:\/\/www.futboltotal.com.mx\/2017\/05\/riete-los-memes-chivas-pase-la-final\/\" target=\"_blank\" rel=\"noopener noreferrer\"><span style=\"color: #333399;\">VER M\u00c1S: R\u00edete con los memes de Chivas y su pase a la final de la Liga MX<\/span><\/a><\/p>\n<p>La creaci\u00f3n de <strong>Chivas TV<\/strong>, proyecto con poco menos de un a\u00f1o de vida, y las distintas plataformas de paga por las que se retransmite la se\u00f1al han tra\u00eddo como consecuencia que el segundo partido de la final de la Liga MX, en el que el <em>Reba\u00f1o<\/em> ser\u00e1 local, pueda\u00a0llegar a los fan\u00e1ticos por televisi\u00f3n abierta.<\/p>\n<p>No olvides que el\u00a0pr\u00f3ximo domingo 28 de mayo se jugar\u00e1 la final del Clausura 2017 entre Chivas y Tigres en horario por confirmar; antes, el jueves 25, se disputar\u00e1 el partido de ida, tambi\u00e9n con horario pendiente y ambos partidos los podr\u00e1s seguir en los <strong>minuto a minuto<\/strong> de <strong>Futbol Total<\/strong>.<\/p>\n<p style=\"text-align: center;\"><a href=\"https:\/\/www.futboltotal.com.mx\/2017\/05\/a-reir-los-memes-del-campeon-real-madrid\/\" target=\"_blank\" rel=\"noopener noreferrer\"><span style=\"color: #333399;\">VER M\u00c1S: A re\u00edr con los memes del campe\u00f3n de Espa\u00f1a, Real Madrid<\/span><\/a><\/p>\n","protected":false},"excerpt":{"rendered":"<p>Muchos fan\u00e1ticos sufrir\u00e1n al no poder ver la final Chivas vs. Tigres en televisi\u00f3n abierta.<\/p>\n","protected":false},"author":20,"featured_media":467554,"comment_status":"closed","ping_status":"closed","sticky":false,"template":"","format":"standard","meta":[],"categories":[2198,3845],"tags":[70,7110,7732,1752,5973,5820],"_links":{"self":[{"href":"http:\/\/desarrollo.grupomedios.com\/futbol\/wp-json\/wp\/v2\/posts\/480134"}],"collection":[{"href":"http:\/\/desarrollo.grupomedios.com\/futbol\/wp-json\/wp\/v2\/posts"}],"about":[{"href":"http:\/\/desarrollo.grupomedios.com\/futbol\/wp-json\/wp\/v2\/types\/post"}],"author":[{"embeddable":true,"href":"http:\/\/desarrollo.grupomedios.com\/futbol\/wp-json\/wp\/v2\/users\/20"}],"replies":[{"embeddable":true,"href":"http:\/\/desarrollo.grupomedios.com\/futbol\/wp-json\/wp\/v2\/comments?post=480134"}],"version-history":[{"count":1,"href":"http:\/\/desarrollo.grupomedios.com\/futbol\/wp-json\/wp\/v2\/posts\/480134\/revisions"}],"predecessor-version":[{"id":480135,"href":"http:\/\/desarrollo.grupomedios.com\/futbol\/wp-json\/wp\/v2\/posts\/480134\/revisions\/480135"}],"wp:featuredmedia":[{"embeddable":true,"href":"http:\/\/desarrollo.grupomedios.com\/futbol\/wp-json\/wp\/v2\/media\/467554"}],"wp:attachment":[{"href":"http:\/\/desarrollo.grupomedios.com\/futbol\/wp-json\/wp\/v2\/media?parent=480134"}],"wp:term":[{"taxonomy":"category","embeddable":true,"href":"http:\/\/desarrollo.grupomedios.com\/futbol\/wp-json\/wp\/v2\/categories?post=480134"},{"taxonomy":"post_tag","embeddable":true,"href":"http:\/\/desarrollo.grupomedios.com\/futbol\/wp-json\/wp\/v2\/tags?post=480134"}],"curies":[{"name":"wp","href":"https:\/\/api.w.org\/{rel}","templated":true}]}}