{"id":480157,"date":"2017-05-22T13:26:18","date_gmt":"2017-05-22T18:26:18","guid":{"rendered":"https:\/\/www.futboltotal.com.mx\/?p=480157"},"modified":"2017-05-22T13:26:18","modified_gmt":"2017-05-22T18:26:18","slug":"david-gea-reaviva-posible-fichaje-real-madrid","status":"publish","type":"post","link":"http:\/\/desarrollo.grupomedios.com\/futbol\/futbol-internacional\/david-gea-reaviva-posible-fichaje-real-madrid\/2017\/05","title":{"rendered":"David De Gea reaviva su posible fichaje por Real Madrid"},"content":{"rendered":"<p>En las \u00e9pocas de fichajes y rumores de transferencias en el futbol europeo todo lo que publican y declaran los\u00a0jugadores desata distintos rumores, tal y como ha sucedido con el portero espa\u00f1ol <strong>David De Gea<\/strong>, actualmente con <strong>Manchester United<\/strong> y en la \u00f3rbita del <strong>Real Madrid<\/strong>.<\/p>\n<p>El guardameta, ex del <strong>Atl\u00e9tico de Madrid,<\/strong> public\u00f3 una imagen en Instagram agradeciendo el apoyo de la afici\u00f3n del United, lo cual fue tomado por muchos como una despedida del ib\u00e9rico.<\/p>\n<p style=\"text-align: center;\"><a href=\"https:\/\/www.futboltotal.com.mx\/2017\/05\/listos-fechas-horarios-la-final-chivas-tigres-del-clausura-2017\/\" target=\"_blank\" rel=\"noopener noreferrer\"><span style=\"color: #333399;\">VER M\u00c1S: \u00a1Listas fechas y horarios de la Final Chivas-Tigres del Clausura 2017!<\/span><\/a><\/p>\n<p>Ante el inter\u00e9s del<strong> Real Madrid<\/strong> por ficharlo en anteriores periodos de transferencias (incluso hace\u00a0dos a\u00f1os estuvo a minutos de fichar por los <strong><em>Merengues<\/em><\/strong>, pero problemas con el papeleo tiraron el movimiento),\u00a0medios en Espa\u00f1a e Inglaterra afirman que su traspaso con el cuadro blanco luce pr\u00f3ximo.<\/p>\n<p style=\"text-align: center;\"><a href=\"https:\/\/www.futboltotal.com.mx\/2017\/05\/mira-impresionante-golazo-gio-dos-santos-en-triunfo-del-galaxy\/\" target=\"_blank\" rel=\"noopener noreferrer\"><span style=\"color: #333399;\">VER M\u00c1S: Mira el golazo de crack de Giovani Dos Santos en el triunfo del Galaxy<\/span><\/a><\/p>\n<p>&nbsp;<\/p>\n<blockquote class=\"instagram-media\" style=\"background: #FFF; border: 0; border-radius: 3px; box-shadow: 0 0 1px 0 rgba(0,0,0,0.5),0 1px 10px 0 rgba(0,0,0,0.15); margin: 1px; max-width: 658px; padding: 0; width: calc(100% - 2px);\" data-instgrm-captioned=\"\" data-instgrm-version=\"7\">\n<div style=\"padding: 8px;\">\n<div style=\"background: #F8F8F8; line-height: 0; margin-top: 40px; padding: 43.7962962962963% 0; text-align: center; width: 100%;\"><\/div>\n<p style=\"margin: 8px 0 0 0; padding: 0 4px;\"><a style=\"color: #000; font-family: Arial,sans-serif; font-size: 14px; font-style: normal; font-weight: normal; line-height: 17px; text-decoration: none; word-wrap: break-word;\" href=\"https:\/\/www.instagram.com\/p\/BUXWJcKl-_J\/\" target=\"_blank\" rel=\"noopener noreferrer\">Thank you for your unconditional support! &#x1f44f;&#x1f3fb; Gracias por vuestro apoyo siempre! #mufc<\/a><\/p>\n<p style=\"color: #c9c8cd; font-family: Arial,sans-serif; font-size: 14px; line-height: 17px; margin-bottom: 0; margin-top: 8px; overflow: hidden; padding: 8px 0 7px; text-align: center; text-overflow: ellipsis; white-space: nowrap;\">A post shared by David De Gea (@d_degeaofficial) on <time style=\"font-family: Arial,sans-serif; font-size: 14px; line-height: 17px;\" datetime=\"2017-05-21T18:40:11+00:00\">May 21, 2017 at 11:40am PDT<\/time><\/p>\n<\/div>\n<\/blockquote>\n<p><script async defer src=\"\/\/platform.instagram.com\/en_US\/embeds.js\"><\/script><\/p>\n","protected":false},"excerpt":{"rendered":"<p>El portero espa\u00f1ol parece haberse despedido del Manchester United y despertado rumores.<\/p>\n","protected":false},"author":20,"featured_media":480158,"comment_status":"closed","ping_status":"closed","sticky":false,"template":"","format":"standard","meta":[],"categories":[7740,3839,3844,3846],"tags":[6072,43,5988],"_links":{"self":[{"href":"http:\/\/desarrollo.grupomedios.com\/futbol\/wp-json\/wp\/v2\/posts\/480157"}],"collection":[{"href":"http:\/\/desarrollo.grupomedios.com\/futbol\/wp-json\/wp\/v2\/posts"}],"about":[{"href":"http:\/\/desarrollo.grupomedios.com\/futbol\/wp-json\/wp\/v2\/types\/post"}],"author":[{"embeddable":true,"href":"http:\/\/desarrollo.grupomedios.com\/futbol\/wp-json\/wp\/v2\/users\/20"}],"replies":[{"embeddable":true,"href":"http:\/\/desarrollo.grupomedios.com\/futbol\/wp-json\/wp\/v2\/comments?post=480157"}],"version-history":[{"count":1,"href":"http:\/\/desarrollo.grupomedios.com\/futbol\/wp-json\/wp\/v2\/posts\/480157\/revisions"}],"predecessor-version":[{"id":480159,"href":"http:\/\/desarrollo.grupomedios.com\/futbol\/wp-json\/wp\/v2\/posts\/480157\/revisions\/480159"}],"wp:featuredmedia":[{"embeddable":true,"href":"http:\/\/desarrollo.grupomedios.com\/futbol\/wp-json\/wp\/v2\/media\/480158"}],"wp:attachment":[{"href":"http:\/\/desarrollo.grupomedios.com\/futbol\/wp-json\/wp\/v2\/media?parent=480157"}],"wp:term":[{"taxonomy":"category","embeddable":true,"href":"http:\/\/desarrollo.grupomedios.com\/futbol\/wp-json\/wp\/v2\/categories?post=480157"},{"taxonomy":"post_tag","embeddable":true,"href":"http:\/\/desarrollo.grupomedios.com\/futbol\/wp-json\/wp\/v2\/tags?post=480157"}],"curies":[{"name":"wp","href":"https:\/\/api.w.org\/{rel}","templated":true}]}}