{"id":480166,"date":"2017-05-22T14:18:22","date_gmt":"2017-05-22T19:18:22","guid":{"rendered":"https:\/\/www.futboltotal.com.mx\/?p=480166"},"modified":"2017-05-22T15:28:13","modified_gmt":"2017-05-22T20:28:13","slug":"michael-arroyo-confirma-no-ha-renovado-america","status":"publish","type":"post","link":"http:\/\/desarrollo.grupomedios.com\/futbol\/destacado-home\/michael-arroyo-confirma-no-ha-renovado-america\/2017\/05","title":{"rendered":"Michael Arroyo confirma que no seguir\u00e1 con el Am\u00e9rica"},"content":{"rendered":"<p>Lo que parec\u00eda ser un simple rumor est\u00e1 tomando forma: la salida de <strong>Michael Arroyo<\/strong> del <strong>Am\u00e9rica<\/strong>, luego de que el entorno del futbolista ecuatoriano confirmara que su contrato con las <strong><em>\u00c1guilas<\/em><\/strong> no ha sido renovado.<\/p>\n<p><strong>Jos\u00e9 Luis Chamorro<\/strong>, representante de <em><strong>Micky<\/strong><\/em>, declar\u00f3 a R\u00e9cord que el futbolista acaba su contrato con el club mexicano en este mes, mayo de 2017, con lo que es totalmente libre de llegar a un acuerdo con cualquier club, <a href=\"https:\/\/www.futboltotal.com.mx\/2017\/05\/brasil-buscarian-quitarle-a-michael-arroyo-al-america\/\" target=\"_blank\" rel=\"noopener noreferrer\"><span style=\"color: #333399;\">siendo el brasile\u00f1o <strong>Gremio de Porto Alegre<\/strong> el equipo que ya habr\u00eda manifestado su inter\u00e9s.<\/span><\/a><\/p>\n<p style=\"text-align: center;\"><a href=\"https:\/\/www.futboltotal.com.mx\/2017\/05\/causa-efecto-nestor-calderon-avion-rojiblanco\/\" target=\"_blank\" rel=\"noopener noreferrer\"><span style=\"color: #333399;\">VER M\u00c1S: Causa y efecto de&#8230; N\u00e9stor Calder\u00f3n, el &#8216;Avi\u00f3n&#8217; de Chivas<\/span><\/a><\/p>\n<p>Aparentemente, <strong>Arroyo<\/strong>\u00a0no est\u00e1 en planes para el proyecto que comandar\u00e1 <strong>Miguel <em>Piojo<\/em> Herrera<\/strong> en su vuelta con las <em><strong>\u00c1guilas<\/strong><\/em> y despierta el inter\u00e9s de algunos clubes de la Liga MX, pero el <em>Pacto de Caballeros<\/em> causar\u00eda que el <strong>Am\u00e9rica<\/strong> deba dar su visto bueno a su transferencia a un equipo mexicano, adem\u00e1s de que recibir\u00eda un porcentaje del movimiento.<\/p>\n<p>Esto llevar\u00eda al ecuatoriano a priorizar las ofertas que reciba del extranjero, particularmente de <strong>Sudam\u00e9rica<\/strong>, y as\u00ed concluir su etapa como americanista, que inici\u00f3 en el torneo <strong>Apertura\u00a02014<\/strong> cuando lleg\u00f3 al cuadro de Coapa directo del <strong>Atlante<\/strong> a petici\u00f3n del entonces t\u00e9cnico azulcrema <strong>Antonio Mohamed<\/strong>.<\/p>\n<p style=\"text-align: center;\"><a href=\"https:\/\/www.futboltotal.com.mx\/2017\/05\/mira-impresionante-golazo-gio-dos-santos-en-triunfo-del-galaxy\/\" target=\"_blank\" rel=\"noopener noreferrer\"><span style=\"color: #333399;\">VER M\u00c1S: Mira el golazo de crack de Gio Dos Santos en el triunfo del Galaxy<\/span><\/a><\/p>\n<p><strong>Arroyo<\/strong> dejar\u00eda a las <strong><em>\u00c1guilas<\/em><\/strong> luego de 3 a\u00f1os de altibajos, en los que sum\u00f3 3 t\u00edtulos (1 Liga MX y 2 de Concacaf), as\u00ed como 27 goles, pero distintos desencuentros con algunos t\u00e9cnicos como <strong>Ricardo La Volpe<\/strong>, lo que pudo haber acabado con su salida del equipo en 2016.<\/p>\n<p style=\"text-align: center;\"><a href=\"https:\/\/www.futboltotal.com.mx\/2017\/05\/11-ideal-las-semifinales-del-clausura-2017\/\" target=\"_blank\" rel=\"noopener noreferrer\"><span style=\"color: #333399;\">VER M\u00c1S: El 11 ideal de las semifinales del Clausura 2017<\/span><\/a><\/p>\n","protected":false},"excerpt":{"rendered":"<p>El ecuatoriano no estar\u00eda en planes de las \u00c1guilas para el pr\u00f3ximo torneo.<\/p>\n","protected":false},"author":20,"featured_media":480169,"comment_status":"closed","ping_status":"closed","sticky":false,"template":"","format":"standard","meta":[],"categories":[5,7740,2198,3845],"tags":[1585,5959,2685,64,4775],"_links":{"self":[{"href":"http:\/\/desarrollo.grupomedios.com\/futbol\/wp-json\/wp\/v2\/posts\/480166"}],"collection":[{"href":"http:\/\/desarrollo.grupomedios.com\/futbol\/wp-json\/wp\/v2\/posts"}],"about":[{"href":"http:\/\/desarrollo.grupomedios.com\/futbol\/wp-json\/wp\/v2\/types\/post"}],"author":[{"embeddable":true,"href":"http:\/\/desarrollo.grupomedios.com\/futbol\/wp-json\/wp\/v2\/users\/20"}],"replies":[{"embeddable":true,"href":"http:\/\/desarrollo.grupomedios.com\/futbol\/wp-json\/wp\/v2\/comments?post=480166"}],"version-history":[{"count":2,"href":"http:\/\/desarrollo.grupomedios.com\/futbol\/wp-json\/wp\/v2\/posts\/480166\/revisions"}],"predecessor-version":[{"id":480191,"href":"http:\/\/desarrollo.grupomedios.com\/futbol\/wp-json\/wp\/v2\/posts\/480166\/revisions\/480191"}],"wp:featuredmedia":[{"embeddable":true,"href":"http:\/\/desarrollo.grupomedios.com\/futbol\/wp-json\/wp\/v2\/media\/480169"}],"wp:attachment":[{"href":"http:\/\/desarrollo.grupomedios.com\/futbol\/wp-json\/wp\/v2\/media?parent=480166"}],"wp:term":[{"taxonomy":"category","embeddable":true,"href":"http:\/\/desarrollo.grupomedios.com\/futbol\/wp-json\/wp\/v2\/categories?post=480166"},{"taxonomy":"post_tag","embeddable":true,"href":"http:\/\/desarrollo.grupomedios.com\/futbol\/wp-json\/wp\/v2\/tags?post=480166"}],"curies":[{"name":"wp","href":"https:\/\/api.w.org\/{rel}","templated":true}]}}