{"id":480212,"date":"2017-05-22T21:44:06","date_gmt":"2017-05-23T02:44:06","guid":{"rendered":"https:\/\/www.futboltotal.com.mx\/?p=480212"},"modified":"2017-05-22T23:50:42","modified_gmt":"2017-05-23T04:50:42","slug":"piojo-herrera-afina-detalles-llegar-al-america","status":"publish","type":"post","link":"http:\/\/desarrollo.grupomedios.com\/futbol\/destacado-home\/piojo-herrera-afina-detalles-llegar-al-america\/2017\/05","title":{"rendered":"Piojo Herrera afina detalles para llegar al Am\u00e9rica"},"content":{"rendered":"<p>Solo un d\u00eda despu\u00e9s de haber concluido su participaci\u00f3n con los Xolos de Tijuana en el <strong>Clausura 2017 <\/strong>, el director t\u00e9cnico <strong>Miguel Herrera <\/strong>reconoci\u00f3\u00a0que la directiva fronteriza le ha dado luz verde para escuchar la propuesta del CF Am\u00e9rica y valorar la posibilidad de regresar a Coapa.<\/p>\n<blockquote><p>&#8220;Tengo autorizaci\u00f3n para escuchar la oferta y despu\u00e9s habr\u00e1 que esperar&#8221; declar\u00f3 el<em> Piojo<\/em>, quien confi\u00f3 en tener noticias de su futuro antes del pr\u00f3ximo viernes.<\/p><\/blockquote>\n<p style=\"text-align: center;\"><span style=\"color: #3366ff;\"><a style=\"color: #3366ff;\" href=\"https:\/\/www.futboltotal.com.mx\/2017\/05\/michael-arroyo-confirma-no-ha-renovado-america\/\" target=\"_blank\" rel=\"noopener noreferrer\">VER M\u00c1S: Michael Arroyo no seguir\u00e1 en el Am\u00e9rica<\/a><\/span><\/p>\n<p>Tras quedar eliminado en las semifinales ante Tigres, <strong>Miguel Herrera<\/strong> se reuni\u00f3 este lunes con la plantilla de Xolos y oficialmente tomaron un periodo de vacaciones que concluye el pr\u00f3ximo 12 de mayo cuando tendr\u00e1n que reportar para comenzar la pretemporada.<\/p>\n<p>El estratega no confirm\u00f3 si hubo una despedida anticipada; sin embargo reconoci\u00f3 que tuvo una pl\u00e1tica emotiva en la que agradeci\u00f3 a la plantilla el gran esfuerzo que dieron durante el semestre<\/p>\n<p>La llegada del Miguel Herrera a Coapa es probable que se concrete en los pr\u00f3ximos d\u00edas. Seg\u00fan el estratega &#8220;ya hubo pl\u00e1ticas formales entre las directivas de Tijuana y Am\u00e9rica y solo falta el tema econ\u00f3mico, que puede quedar esta semana\u201d, puntualiz\u00f3.<\/p>\n<p><iframe loading=\"lazy\" src=\"https:\/\/www.youtube.com\/embed\/1TYDwY8GWoI\" frameborder=\"0\" allowfullscreen=\"allowfullscreen\"><\/iframe><\/p>\n","protected":false},"excerpt":{"rendered":"<p>Solo falta que Am\u00e9rica y Xolos lleguen a un acuerdo en el tema econ\u00f3mico.<\/p>\n","protected":false},"author":20,"featured_media":480213,"comment_status":"closed","ping_status":"closed","sticky":false,"template":"","format":"standard","meta":[],"categories":[5,2198,3845],"tags":[5959,7732,1673],"_links":{"self":[{"href":"http:\/\/desarrollo.grupomedios.com\/futbol\/wp-json\/wp\/v2\/posts\/480212"}],"collection":[{"href":"http:\/\/desarrollo.grupomedios.com\/futbol\/wp-json\/wp\/v2\/posts"}],"about":[{"href":"http:\/\/desarrollo.grupomedios.com\/futbol\/wp-json\/wp\/v2\/types\/post"}],"author":[{"embeddable":true,"href":"http:\/\/desarrollo.grupomedios.com\/futbol\/wp-json\/wp\/v2\/users\/20"}],"replies":[{"embeddable":true,"href":"http:\/\/desarrollo.grupomedios.com\/futbol\/wp-json\/wp\/v2\/comments?post=480212"}],"version-history":[{"count":4,"href":"http:\/\/desarrollo.grupomedios.com\/futbol\/wp-json\/wp\/v2\/posts\/480212\/revisions"}],"predecessor-version":[{"id":480252,"href":"http:\/\/desarrollo.grupomedios.com\/futbol\/wp-json\/wp\/v2\/posts\/480212\/revisions\/480252"}],"wp:featuredmedia":[{"embeddable":true,"href":"http:\/\/desarrollo.grupomedios.com\/futbol\/wp-json\/wp\/v2\/media\/480213"}],"wp:attachment":[{"href":"http:\/\/desarrollo.grupomedios.com\/futbol\/wp-json\/wp\/v2\/media?parent=480212"}],"wp:term":[{"taxonomy":"category","embeddable":true,"href":"http:\/\/desarrollo.grupomedios.com\/futbol\/wp-json\/wp\/v2\/categories?post=480212"},{"taxonomy":"post_tag","embeddable":true,"href":"http:\/\/desarrollo.grupomedios.com\/futbol\/wp-json\/wp\/v2\/tags?post=480212"}],"curies":[{"name":"wp","href":"https:\/\/api.w.org\/{rel}","templated":true}]}}