{"id":480220,"date":"2017-05-22T18:13:22","date_gmt":"2017-05-22T23:13:22","guid":{"rendered":"https:\/\/www.futboltotal.com.mx\/?p=480220"},"modified":"2017-05-22T18:13:22","modified_gmt":"2017-05-22T23:13:22","slug":"emotivo-sinha-rompe-llanto-hablar-sobre-su-retiro-futbol","status":"publish","type":"post","link":"http:\/\/desarrollo.grupomedios.com\/futbol\/futbol-internacional\/emotivo-sinha-rompe-llanto-hablar-sobre-su-retiro-futbol\/2017\/05","title":{"rendered":"\u00a1Emotivo! Sinha rompe en llanto al hablar sobre su retiro"},"content":{"rendered":"<p class=\"DETALLE_N_titulo \"><span id=\"ctl14_lblMostra\">Uno de los extranjeros que mayor huella han dejado en el futbol mexicano <strong>dijo adi\u00f3s<\/strong> en las semifinales del <strong>Clausura 2017<\/strong>: <strong>Antonio Naelson Sinha<\/strong>, brasile\u00f1o hist\u00f3rico del <strong>Toluca<\/strong> que lleg\u00f3 a la Liga MX para convertirse en un mexicano m\u00e1s y en un jugador con una trayectoria impecable.<\/span><\/p>\n<p class=\"DETALLE_N_titulo \" style=\"text-align: center;\"><span id=\"ctl14_lblMostra\"><a href=\"https:\/\/www.futboltotal.com.mx\/2017\/05\/piojo-herrera-afina-detalles-llegar-al-america\/\" target=\"_blank\" rel=\"noopener noreferrer\"><span style=\"color: #333399;\">VER M\u00c1S: Am\u00e9rica y el Piojo Herrera ya iniciaron negociaciones<\/span><\/a><\/span><\/p>\n<p class=\"DETALLE_N_titulo \" style=\"text-align: left;\"><span id=\"ctl14_lblMostra\">El naturalizado mexicano y mundialista con el <em><strong>Tri<\/strong><\/em>\u00a0en <strong>Alemania 2006<\/strong> habl\u00f3 en entrevista para ESPN y se mostr\u00f3 bastante emotivo al referirse a lo fuerte que es decir adi\u00f3s al futbol.<br \/>\n<\/span><\/p>\n<p class=\"DETALLE_N_titulo \" style=\"text-align: left;\">&#8220;Viene mucha gente a la mente, tus padres, hijos\u2026 Me sigue invadiendo el sentimiento de saber que es el final&#8221;, acept\u00f3 Naelson.<\/p>\n<p class=\"DETALLE_N_titulo \" style=\"text-align: center;\"><span id=\"ctl14_lblMostra\"><a href=\"https:\/\/www.futboltotal.com.mx\/2017\/05\/michael-arroyo-confirma-no-ha-renovado-america\/\" target=\"_blank\" rel=\"noopener noreferrer\"><span style=\"color: #333399;\">VER M\u00c1S: Michael Arroyo confirma que no seguir\u00e1 con el Am\u00e9rica<\/span><\/a><\/span><\/p>\n<p class=\"DETALLE_N_titulo \" style=\"text-align: left;\"><span id=\"ctl14_lblMostra\"><strong>Sinha<\/strong> no dej\u00f3 de recordar a muchos t\u00e9cnicos y gente del futbol que lo apoy\u00f3 a lo largo de 22 a\u00f1os en el futbol y 19 en el balompi\u00e9 mexicano.<br \/>\n<\/span><\/p>\n<p class=\"DETALLE_N_titulo \" style=\"text-align: left;\">&#8220;El agradecimiento va generalizado, los nombres todos saben, es para todos&#8221;, declar\u00f3.<\/p>\n<p class=\"DETALLE_N_titulo \" style=\"text-align: center;\"><a href=\"https:\/\/www.futboltotal.com.mx\/2017\/05\/griezmann-admite-puede-ir-al-manchester-united\/\" target=\"_blank\" rel=\"noopener noreferrer\"><span style=\"color: #333399;\">VER M\u00c1S: Griezmann acepta que est\u00e1 cerca de fichar por el Manchester United<\/span><\/a><\/p>\n<p><iframe loading=\"lazy\" src=\"https:\/\/www.youtube.com\/embed\/iW0F7iOZyuw\" frameborder=\"0\" allowfullscreen=\"allowfullscreen\"><\/iframe><\/p>\n","protected":false},"excerpt":{"rendered":"<p>Sinha se mostr\u00f3 bastante emotivo al referirse a lo fuerte que es decir adi\u00f3s al futbol.<\/p>\n","protected":false},"author":20,"featured_media":473045,"comment_status":"closed","ping_status":"closed","sticky":false,"template":"","format":"standard","meta":[],"categories":[7740,3839,3844,3846],"tags":[5191,6007,413,43],"_links":{"self":[{"href":"http:\/\/desarrollo.grupomedios.com\/futbol\/wp-json\/wp\/v2\/posts\/480220"}],"collection":[{"href":"http:\/\/desarrollo.grupomedios.com\/futbol\/wp-json\/wp\/v2\/posts"}],"about":[{"href":"http:\/\/desarrollo.grupomedios.com\/futbol\/wp-json\/wp\/v2\/types\/post"}],"author":[{"embeddable":true,"href":"http:\/\/desarrollo.grupomedios.com\/futbol\/wp-json\/wp\/v2\/users\/20"}],"replies":[{"embeddable":true,"href":"http:\/\/desarrollo.grupomedios.com\/futbol\/wp-json\/wp\/v2\/comments?post=480220"}],"version-history":[{"count":1,"href":"http:\/\/desarrollo.grupomedios.com\/futbol\/wp-json\/wp\/v2\/posts\/480220\/revisions"}],"predecessor-version":[{"id":480228,"href":"http:\/\/desarrollo.grupomedios.com\/futbol\/wp-json\/wp\/v2\/posts\/480220\/revisions\/480228"}],"wp:featuredmedia":[{"embeddable":true,"href":"http:\/\/desarrollo.grupomedios.com\/futbol\/wp-json\/wp\/v2\/media\/473045"}],"wp:attachment":[{"href":"http:\/\/desarrollo.grupomedios.com\/futbol\/wp-json\/wp\/v2\/media?parent=480220"}],"wp:term":[{"taxonomy":"category","embeddable":true,"href":"http:\/\/desarrollo.grupomedios.com\/futbol\/wp-json\/wp\/v2\/categories?post=480220"},{"taxonomy":"post_tag","embeddable":true,"href":"http:\/\/desarrollo.grupomedios.com\/futbol\/wp-json\/wp\/v2\/tags?post=480220"}],"curies":[{"name":"wp","href":"https:\/\/api.w.org\/{rel}","templated":true}]}}