{"id":480222,"date":"2017-05-22T16:00:30","date_gmt":"2017-05-22T21:00:30","guid":{"rendered":"https:\/\/www.futboltotal.com.mx\/?p=480222"},"modified":"2017-05-22T18:03:54","modified_gmt":"2017-05-22T23:03:54","slug":"guadalajara-revela-precios-final-chivas-tv","status":"publish","type":"post","link":"http:\/\/desarrollo.grupomedios.com\/futbol\/destacado-home\/guadalajara-revela-precios-final-chivas-tv\/2017\/05","title":{"rendered":"Guadalajara revela precios para Final por Chivas TV"},"content":{"rendered":"<p>El desenlace de la <strong>Gran Final<\/strong> del <strong>Clausura 2017<\/strong> entre <strong>Guadalajara<\/strong> y <strong>Tigres<\/strong> ser\u00e1 el pr\u00f3ximo domingo y el <em>Reba\u00f1o<\/em>\u00a0dio a conocer este lunes los precios para ver la transmisi\u00f3n a trav\u00e9s de la plataforma digital <em>Chivas TV<\/em>.<\/p>\n<p>Las <strong>Chivas <\/strong>fijaron el precio de preventa en 69 pesos -19 m\u00e1s respecto al precio habitual por partido- y lo mantendr\u00e1n a partir de hoy y hasta el pr\u00f3ximo s\u00e1bado. El d\u00eda del partido el precio ser\u00e1 de 125 pesos.<\/p>\n<p style=\"text-align: center;\"><span style=\"color: #3366ff;\"><a style=\"color: #3366ff;\" href=\"https:\/\/www.futboltotal.com.mx\/2017\/05\/listos-fechas-horarios-la-final-chivas-tigres-del-clausura-2017\/\">VER M\u00c1S: Definidos los horarios de la Final del Clausura 2017<\/a><\/span><\/p>\n<blockquote class=\"twitter-tweet\" data-lang=\"es\">\n<p dir=\"ltr\" lang=\"es\">\u00bfY los precios de la Final? &#x1f1e6;&#x1f1f9; \u00a1S\u00edguela en <a href=\"https:\/\/twitter.com\/hashtag\/NuestroCamino?src=hash\">#NuestroCamino<\/a>! &#x1f5a5; Entra ya a <a href=\"https:\/\/t.co\/uo4tQp2pRj\">https:\/\/t.co\/uo4tQp2pRj<\/a> y aprovecha nuestro precio de preventa. &#x1f3c6; <a href=\"https:\/\/t.co\/crskw6PZhL\">pic.twitter.com\/crskw6PZhL<\/a><\/p>\n<p>\u2014 ChivasTV (@chivastvmx) <a href=\"https:\/\/twitter.com\/chivastvmx\/status\/866710803415695360\">22 de mayo de 2017<\/a><\/p><\/blockquote>\n<p><script async src=\"\/\/platform.twitter.com\/widgets.js\" charset=\"utf-8\"><\/script><\/p>\n<p>Cabe apuntar que la Final tambi\u00e9n ser\u00e1 transmitida por el canal <em>TDN\u00a0<\/em>as\u00ed como por <em>Univisi\u00f3n Deportes.<br \/>\n<\/em><\/p>\n<p>El <em>Reba\u00f1o\u00a0<\/em>tambi\u00e9n dio a conocer este d\u00eda el precio de las entradas para el partido del pr\u00f3ximo domingo, que se jugar\u00e1 a las 18:06 horas, en el que buscar\u00e1n ganar el doblete (liga y copa), como no ocurre desde el lejano 1970.<\/p>\n<blockquote class=\"twitter-tweet\" data-lang=\"es\">\n<p dir=\"ltr\" lang=\"es\">\u26a0\ufe0f \u00a1La Final se juega en casa! &#x1f44a;&#x1f1f2;&#x1f1e8;Aqu\u00ed toda la informaci\u00f3n de la preventa exclusiva para abonados &#x1f447; <a href=\"https:\/\/twitter.com\/hashtag\/ADarLaVuelta?src=hash\">#ADarLaVuelta<\/a> &#x1f3c6; <a href=\"https:\/\/t.co\/bajxnVlUTs\">pic.twitter.com\/bajxnVlUTs<\/a><\/p>\n<p>\u2014 CHIVAS (@Chivas) <a href=\"https:\/\/twitter.com\/Chivas\/status\/866749466199588864\">22 de mayo de 2017<\/a><\/p><\/blockquote>\n<p><script async src=\"\/\/platform.twitter.com\/widgets.js\" charset=\"utf-8\"><\/script><\/p>\n","protected":false},"excerpt":{"rendered":"<p>El Reba\u00f1o aumenta los precios de la transmisi\u00f3n del partido del pr\u00f3ximo domingo.<\/p>\n","protected":false},"author":20,"featured_media":480225,"comment_status":"closed","ping_status":"closed","sticky":false,"template":"","format":"standard","meta":[],"categories":[5,2198,3845],"tags":[7110,5963],"_links":{"self":[{"href":"http:\/\/desarrollo.grupomedios.com\/futbol\/wp-json\/wp\/v2\/posts\/480222"}],"collection":[{"href":"http:\/\/desarrollo.grupomedios.com\/futbol\/wp-json\/wp\/v2\/posts"}],"about":[{"href":"http:\/\/desarrollo.grupomedios.com\/futbol\/wp-json\/wp\/v2\/types\/post"}],"author":[{"embeddable":true,"href":"http:\/\/desarrollo.grupomedios.com\/futbol\/wp-json\/wp\/v2\/users\/20"}],"replies":[{"embeddable":true,"href":"http:\/\/desarrollo.grupomedios.com\/futbol\/wp-json\/wp\/v2\/comments?post=480222"}],"version-history":[{"count":2,"href":"http:\/\/desarrollo.grupomedios.com\/futbol\/wp-json\/wp\/v2\/posts\/480222\/revisions"}],"predecessor-version":[{"id":480227,"href":"http:\/\/desarrollo.grupomedios.com\/futbol\/wp-json\/wp\/v2\/posts\/480222\/revisions\/480227"}],"wp:featuredmedia":[{"embeddable":true,"href":"http:\/\/desarrollo.grupomedios.com\/futbol\/wp-json\/wp\/v2\/media\/480225"}],"wp:attachment":[{"href":"http:\/\/desarrollo.grupomedios.com\/futbol\/wp-json\/wp\/v2\/media?parent=480222"}],"wp:term":[{"taxonomy":"category","embeddable":true,"href":"http:\/\/desarrollo.grupomedios.com\/futbol\/wp-json\/wp\/v2\/categories?post=480222"},{"taxonomy":"post_tag","embeddable":true,"href":"http:\/\/desarrollo.grupomedios.com\/futbol\/wp-json\/wp\/v2\/tags?post=480222"}],"curies":[{"name":"wp","href":"https:\/\/api.w.org\/{rel}","templated":true}]}}