{"id":480261,"date":"2017-05-23T08:33:05","date_gmt":"2017-05-23T13:33:05","guid":{"rendered":"https:\/\/www.futboltotal.com.mx\/?p=480261"},"modified":"2017-05-23T08:35:57","modified_gmt":"2017-05-23T13:35:57","slug":"jugadores-manchester-city-familia-guardiola-ilesos-atentado","status":"publish","type":"post","link":"http:\/\/desarrollo.grupomedios.com\/futbol\/futbol-internacional\/jugadores-manchester-city-familia-guardiola-ilesos-atentado\/2017\/05","title":{"rendered":"Jugadores de Manchester City y familia de Guardiola, ilesos tras atentado"},"content":{"rendered":"<p class=\"DETALLE_N_titulo \"><span id=\"ctl14_lblMostra\">La mujer y las hijas del espa\u00f1ol <strong>Pep Guardiola<\/strong>, entrenador del Manchester City, han salido ilesas del <strong>atentado terrorista suicida<\/strong> de anoche en el estadio <strong>Manchester Arena<\/strong>, que dej\u00f3 <strong>22 muertos<\/strong>\u00a0y <strong>59 personas heridas<\/strong>.<\/span><\/p>\n<p><strong>Cristina Serra<\/strong> y las hijas de ambos, <strong>Valentina y Mar\u00eda Guardiola<\/strong>, acudieron a presenciar en directo el multitudinario concierto de la estrella pop estadounidense Ariana Grande en el Manchester Arena, con capacidad para m\u00e1s de 20.000 personas.<\/p>\n<p style=\"text-align: center;\"><a href=\"https:\/\/www.futboltotal.com.mx\/2017\/05\/hummels-cree-chivas-puede-campeon\/\" target=\"_blank\" rel=\"noopener noreferrer\"><span style=\"color: #333399;\">VER M\u00c1S: Hummels, el &#8216;gemelo&#8217; de Alan\u00eds, cree que Chivas puede ser campe\u00f3n<\/span><\/a><\/p>\n<p class=\"DETALLE_N_titulo \"><span id=\"ctl14_lblMostra\">Adem\u00e1s, de acuerdo a medios brit\u00e1nicos, algunos <strong>futbolistas<\/strong> de la primera plantilla del <strong>Manchester City<\/strong> acudieron junto a sus familias al <strong>concierto<\/strong> de <strong>Ariana Grande<\/strong> en el Manchester Arena, pero todos resultaron ilesos.<\/span><\/p>\n<blockquote class=\"twitter-video\" data-lang=\"es\">\n<p dir=\"ltr\" lang=\"en\">Someone uploaded a video with the bomb explosion sound &#x1f62d;&#x1f494;<a href=\"https:\/\/twitter.com\/hashtag\/Manchester?src=hash\">#Manchester<\/a> <a href=\"https:\/\/twitter.com\/hashtag\/StayStrongArianators?src=hash\">#StayStrongArianators<\/a> <a href=\"https:\/\/t.co\/sviCYKqSkT\">pic.twitter.com\/sviCYKqSkT<\/a><\/p>\n<p>\u2014 \u2601\ufe0fMOONLIGHT BAE \u2601\ufe0f (@_moonlighqueen_) <a href=\"https:\/\/twitter.com\/_moonlighqueen_\/status\/866987170896252930\">23 de mayo de 2017<\/a><\/p><\/blockquote>\n<p><script async src=\"\/\/platform.twitter.com\/widgets.js\" charset=\"utf-8\"><\/script><\/p>\n<p class=\"DETALLE_N_titulo \">El atentado suicida, que se produjo a las 22:35 hora local, poco despu\u00e9s del fin del concierto, dej\u00f3 22 muertos y 59 heridos, 12 de ellos menores de 16 a\u00f1os.<\/p>\n<p>La cuenta de Twitter vinculada con Pep Guardiola, de 46 a\u00f1os, public\u00f3 un mensaje en el que condena el atentado, env\u00eda sus condolencias a &#8220;las familias y amigos de las v\u00edctimas&#8221; y muestra su dolor por lo sucedido en Manchester.<\/p>\n<p style=\"text-align: center;\"><a href=\"https:\/\/www.futboltotal.com.mx\/2017\/05\/hugo-sanchez-revento-a-rafa-puente-jr\/\" target=\"_blank\" rel=\"noopener noreferrer\"><span style=\"color: #333399;\">VER M\u00c1S: El d\u00eda que Hugo S\u00e1nchez revent\u00f3 a Rafa Puente Jr. por no ser t\u00e9cnico<\/span><\/a><\/p>\n<p>&#8220;Estoy conmocionado. No me puedo creer lo que sucedi\u00f3 anoche. Mis m\u00e1s profundas condolencias a las familias y a los amigos de las v\u00edctimas&#8221;, escribi\u00f3 el preparador catal\u00e1n, acompa\u00f1ado por la etiqueta &#8220;Ilovemanchester&#8221; (&#8220;Amo Manchester&#8221;).<\/p>\n<div class=\"fb-post\" data-href=\"https:\/\/www.facebook.com\/PepGuardiolaTeam\/posts\/1650718268294662\" data-data-show-text=\"true\">\n<blockquote class=\"fb-xfbml-parse-ignore\" cite=\"https:\/\/www.facebook.com\/PepGuardiolaTeam\/posts\/1650718268294662\"><p>Shocked. Can&#8217;t believe what happened last night. My deepest condolences to the families and friends of the victims.<br \/>\n#Ilovemanchester<\/p>\n<p>Posted by <a href=\"https:\/\/www.facebook.com\/PepGuardiolaTeam\/\">Pep Team<\/a> on\u00a0<a href=\"https:\/\/www.facebook.com\/PepGuardiolaTeam\/posts\/1650718268294662\">martes, 23 de mayo de 2017<\/a><\/p><\/blockquote>\n<\/div>\n","protected":false},"excerpt":{"rendered":"<p>Jugadores del Manchester City  salieron ilesos del atentado sucedido en Manchester.<\/p>\n","protected":false},"author":144,"featured_media":480262,"comment_status":"closed","ping_status":"closed","sticky":false,"template":"","format":"standard","meta":[],"categories":[5419,3839],"tags":[7250,6075,5993,8635],"_links":{"self":[{"href":"http:\/\/desarrollo.grupomedios.com\/futbol\/wp-json\/wp\/v2\/posts\/480261"}],"collection":[{"href":"http:\/\/desarrollo.grupomedios.com\/futbol\/wp-json\/wp\/v2\/posts"}],"about":[{"href":"http:\/\/desarrollo.grupomedios.com\/futbol\/wp-json\/wp\/v2\/types\/post"}],"author":[{"embeddable":true,"href":"http:\/\/desarrollo.grupomedios.com\/futbol\/wp-json\/wp\/v2\/users\/144"}],"replies":[{"embeddable":true,"href":"http:\/\/desarrollo.grupomedios.com\/futbol\/wp-json\/wp\/v2\/comments?post=480261"}],"version-history":[{"count":3,"href":"http:\/\/desarrollo.grupomedios.com\/futbol\/wp-json\/wp\/v2\/posts\/480261\/revisions"}],"predecessor-version":[{"id":480265,"href":"http:\/\/desarrollo.grupomedios.com\/futbol\/wp-json\/wp\/v2\/posts\/480261\/revisions\/480265"}],"wp:featuredmedia":[{"embeddable":true,"href":"http:\/\/desarrollo.grupomedios.com\/futbol\/wp-json\/wp\/v2\/media\/480262"}],"wp:attachment":[{"href":"http:\/\/desarrollo.grupomedios.com\/futbol\/wp-json\/wp\/v2\/media?parent=480261"}],"wp:term":[{"taxonomy":"category","embeddable":true,"href":"http:\/\/desarrollo.grupomedios.com\/futbol\/wp-json\/wp\/v2\/categories?post=480261"},{"taxonomy":"post_tag","embeddable":true,"href":"http:\/\/desarrollo.grupomedios.com\/futbol\/wp-json\/wp\/v2\/tags?post=480261"}],"curies":[{"name":"wp","href":"https:\/\/api.w.org\/{rel}","templated":true}]}}