{"id":480285,"date":"2017-05-23T11:55:52","date_gmt":"2017-05-23T16:55:52","guid":{"rendered":"https:\/\/www.futboltotal.com.mx\/?p=480285"},"modified":"2017-05-23T11:55:52","modified_gmt":"2017-05-23T16:55:52","slug":"rafa-puente-jr-confeso-estuvo-a-punto-llegar-al-america","status":"publish","type":"post","link":"http:\/\/desarrollo.grupomedios.com\/futbol\/futbol-mexicano\/rafa-puente-jr-confeso-estuvo-a-punto-llegar-al-america\/2017\/05","title":{"rendered":"Rafa Puente Jr. confes\u00f3 que estuvo a punto de llegar al Am\u00e9rica"},"content":{"rendered":"<p>Luego de la irrupci\u00f3n de <strong>Rafa Puente Jr.<\/strong> como t\u00e9cnico en el Ascenso MX y su r\u00e1pida consolidaci\u00f3n al llevar a <strong>Lobos BUAP<\/strong> al t\u00edtulo de la categor\u00eda para ganarse el boleto a la Liga MX, el hombre del momento entre la baraja de nuevos entrenadores confes\u00f3 que hace tiempo estuvo cerca de llegar al <strong>Am\u00e9rica<\/strong>.<\/p>\n<p>Durante una entrevista en el programa\u00a0de radio Pasi\u00f3n W, Puente del R\u00edo fue cuestionado sobre si era verdad que en su momento tuvo una invitaci\u00f3n para trabajar como parte del cuerpo t\u00e9cnico de las <em><strong>\u00c1guilas<\/strong> <\/em>y su respuesta fue clara.<\/p>\n<p>&#8220;Es un hecho que Ricardo (<strong>La Volpe<\/strong>) me invit\u00f3 a colaborar con \u00e9l en <strong>Am\u00e9rica<\/strong>, lo cual me llenaba de ilusi\u00f3n ya que es un entrenador al cual respeto\u00a0y admiro mucho&#8221;, dijo\u00a0el t\u00e9cnico campe\u00f3n del Ascenso MX.<\/p>\n<p style=\"text-align: center;\"><a href=\"https:\/\/www.futboltotal.com.mx\/2017\/05\/olympique-lyon-estaria-interesado-en-chicharito\/\" target=\"_blank\" rel=\"noopener noreferrer\"><span style=\"color: #333399;\">VER M\u00c1S: Olympique Lyon estar\u00eda interesado en el Chicharito<\/span><\/a><\/p>\n<p>\u00a0<iframe loading=\"lazy\" src=\"https:\/\/www.youtube.com\/embed\/wmF4kw-ljpY\" frameborder=\"0\" allowfullscreen=\"allowfullscreen\"><\/iframe><\/p>\n<p>Durante la charla, le preguntaron directamente al t\u00e9cnico\u00a0del nuevo equipo de Primera Divisi\u00f3n si no lleg\u00f3 a las \u00c1guilas porque no lo quiso Jos\u00e9 Romano.<\/p>\n<p>&#8220;Bueno, desconozco quien no me quiso, eso la verdad no lo podr\u00eda decir (&#8230;) \u00bfA\u00a0qui\u00e9n no le va a ilusionar ir al Am\u00e9rica a colaborar con Ricardo Antonio <strong>La Volpe<\/strong> y <strong>Rafa (Chiquis) Garc\u00eda<\/strong>?\u00a0Pero no fue porque Dios ten\u00eda previsto algo mejor para m\u00ed&#8221;, mencion\u00f3 Puente, a quien s\u00f3lo le faltan detalles para renegociar su contrato con Lobos.<\/p>\n<p style=\"text-align: center;\"><a href=\"https:\/\/www.futboltotal.com.mx\/2017\/05\/dario-veron-seria-acusado-evasion-impuestos-mexico\/\" target=\"_blank\" rel=\"noopener noreferrer\"><span style=\"color: #333399;\">VER M\u00c1S: Dar\u00edo Ver\u00f3n ser\u00eda acusado por evasi\u00f3n de impuestos en M\u00e9xico<\/span><\/a><\/p>\n<p>&#8220;Hay que esperar, yo tengo reuniones con la directiva para conocer el proyecto a fondo. Nuestro contrato concluy\u00f3 cuando pit\u00f3 el \u00e1rbitro el final. El equipo los va a representar dignamente, y cada jugador deber\u00e1 jugar&#8221;, a\u00f1adi\u00f3.<\/p>\n<p style=\"text-align: center;\"><a href=\"https:\/\/www.futboltotal.com.mx\/2017\/05\/detienen-a-expresidente-del-barca-lavado-dinero\/\" target=\"_blank\" rel=\"noopener noreferrer\"><span style=\"color: #333399;\">VER M\u00c1S: Detienen a ex presidente del Barcelona por lavado de dinero<\/span><\/a><\/p>\n<p><iframe loading=\"lazy\" src=\"https:\/\/www.youtube.com\/embed\/FGW3xxBHU-E\" frameborder=\"0\" allowfullscreen=\"allowfullscreen\"><\/iframe><\/p>\n","protected":false},"excerpt":{"rendered":"<p>Una historia poco conocida, la de Puente Jr. que pudo ser parte del Am\u00e9rica.<\/p>\n","protected":false},"author":20,"featured_media":479966,"comment_status":"closed","ping_status":"closed","sticky":false,"template":"","format":"standard","meta":[],"categories":[2198,3845],"tags":[1585,5959,7440,431,8626],"_links":{"self":[{"href":"http:\/\/desarrollo.grupomedios.com\/futbol\/wp-json\/wp\/v2\/posts\/480285"}],"collection":[{"href":"http:\/\/desarrollo.grupomedios.com\/futbol\/wp-json\/wp\/v2\/posts"}],"about":[{"href":"http:\/\/desarrollo.grupomedios.com\/futbol\/wp-json\/wp\/v2\/types\/post"}],"author":[{"embeddable":true,"href":"http:\/\/desarrollo.grupomedios.com\/futbol\/wp-json\/wp\/v2\/users\/20"}],"replies":[{"embeddable":true,"href":"http:\/\/desarrollo.grupomedios.com\/futbol\/wp-json\/wp\/v2\/comments?post=480285"}],"version-history":[{"count":1,"href":"http:\/\/desarrollo.grupomedios.com\/futbol\/wp-json\/wp\/v2\/posts\/480285\/revisions"}],"predecessor-version":[{"id":480288,"href":"http:\/\/desarrollo.grupomedios.com\/futbol\/wp-json\/wp\/v2\/posts\/480285\/revisions\/480288"}],"wp:featuredmedia":[{"embeddable":true,"href":"http:\/\/desarrollo.grupomedios.com\/futbol\/wp-json\/wp\/v2\/media\/479966"}],"wp:attachment":[{"href":"http:\/\/desarrollo.grupomedios.com\/futbol\/wp-json\/wp\/v2\/media?parent=480285"}],"wp:term":[{"taxonomy":"category","embeddable":true,"href":"http:\/\/desarrollo.grupomedios.com\/futbol\/wp-json\/wp\/v2\/categories?post=480285"},{"taxonomy":"post_tag","embeddable":true,"href":"http:\/\/desarrollo.grupomedios.com\/futbol\/wp-json\/wp\/v2\/tags?post=480285"}],"curies":[{"name":"wp","href":"https:\/\/api.w.org\/{rel}","templated":true}]}}