{"id":480317,"date":"2017-05-23T14:32:08","date_gmt":"2017-05-23T19:32:08","guid":{"rendered":"https:\/\/www.futboltotal.com.mx\/?p=480317"},"modified":"2017-05-23T15:35:02","modified_gmt":"2017-05-23T20:35:02","slug":"tijuana-atlas-le-quieren-robar-fichaje-a-la-juventus","status":"publish","type":"post","link":"http:\/\/desarrollo.grupomedios.com\/futbol\/futbol-mexicano\/tijuana-atlas-le-quieren-robar-fichaje-a-la-juventus\/2017\/05","title":{"rendered":"Tijuana y Atlas le quieren robar fichaje a la Juventus"},"content":{"rendered":"<p>El futbol mexicano ha crecido en los \u00faltimos a\u00f1os y su poder econ\u00f3mico muchas veces le ha permitido contratar a jugadores que ya son seguidos por equipos de Europa. Esta vez, es el turno de <strong>Tijuana<\/strong> y <strong>Atlas<\/strong>, equipos de la Liga MX que han preguntado por el boliviano <strong>Alejandro<\/strong> <strong>Chumacero<\/strong>, tambi\u00e9n en la mira de la <strong>Juventus<\/strong>.<\/p>\n<p><strong>Chumacero<\/strong>,\u00a0mediocampista del <strong>The Strongest<\/strong>, est\u00e1 alcanzando el mejor nivel de su carrera con el equipo boliviano, lo que ha despertado el inter\u00e9s de la <em>Vecchia Signora<\/em>, de acuerdo a distintos medios europeos, aunque el plan inicial con el jugador ser\u00eda cederlo a otro equipo italiano como <strong>Bologna<\/strong> o <strong>Cagliari<\/strong> para que gane experiencia.<\/p>\n<p style=\"text-align: center;\"><a href=\"https:\/\/www.futboltotal.com.mx\/2017\/05\/juventus-porto-tendran-gira-en-mexico-ante-clubes-la-liga-mx\/\" target=\"_blank\" rel=\"noopener noreferrer\"><span style=\"color: #333399;\">VER M\u00c1S: Juventus y Porto tendr\u00e1n gira de partidos en M\u00e9xico<\/span><\/a><\/p>\n<p>Sin embargo, el portal Goal reporta que los italianos no son los \u00fanicos que siguen al boliviano, pues la <strong>Universidad Cat\u00f3lica<\/strong> de <strong>Chile<\/strong> ha venido realizado un seguimiento de su crecimiento futbol\u00edstico.<\/p>\n<p>En el caso de <em>Xolos<\/em> y <em>Zorros<\/em>, los clubes mexicanos ser\u00edan una gran oportunidad econ\u00f3mica para Chumacero, que de llegar a la Liga MX al menos conseguir\u00eda un salario superior al que le ofrecer\u00edan en Chile.<\/p>\n<p style=\"text-align: center;\"><a href=\"https:\/\/www.futboltotal.com.mx\/2017\/05\/futbol-estufa-posibles-destinos-los-mexicanos-en-europa\/\" target=\"_blank\" rel=\"noopener noreferrer\"><span style=\"color: #333399;\">VER M\u00c1S: Futbol de estufa | Posibles destinos de los mexicanos en\u00a0Europa<\/span><\/a><\/p>\n<p>Hasta el momento no ha habido pronunciamiento oficial por parte de ning\u00fan club, salvo de The Strongest, que no piensa interponerse ante la posibilidad de que el tambi\u00e9n seleccionado de Bolivia\u00a0vuelva a jugar en el extranjero, como lo hizo en 2013 con el <strong>Sport Recife<\/strong> de Brasil.<\/p>\n<p style=\"text-align: center;\"><a href=\"https:\/\/www.futboltotal.com.mx\/2017\/05\/lucia-villalon-lanza-indirecta-para-chicharito\/\" target=\"_blank\" rel=\"noopener noreferrer\"><span style=\"color: #333399;\">VER M\u00c1S: Luc\u00eda Villal\u00f3n lanza &#8216;indirecta&#8217; para Chicharito<\/span><\/a><\/p>\n","protected":false},"excerpt":{"rendered":"<p>Xolos y Zorros competir\u00edan con el gigante de Europa por el fichaje de un boliviano.<\/p>\n","protected":false},"author":20,"featured_media":480318,"comment_status":"closed","ping_status":"closed","sticky":false,"template":"","format":"standard","meta":[],"categories":[7740,3839,2198,3848,3845],"tags":[8641,5961,337,5999,64,237,5974],"_links":{"self":[{"href":"http:\/\/desarrollo.grupomedios.com\/futbol\/wp-json\/wp\/v2\/posts\/480317"}],"collection":[{"href":"http:\/\/desarrollo.grupomedios.com\/futbol\/wp-json\/wp\/v2\/posts"}],"about":[{"href":"http:\/\/desarrollo.grupomedios.com\/futbol\/wp-json\/wp\/v2\/types\/post"}],"author":[{"embeddable":true,"href":"http:\/\/desarrollo.grupomedios.com\/futbol\/wp-json\/wp\/v2\/users\/20"}],"replies":[{"embeddable":true,"href":"http:\/\/desarrollo.grupomedios.com\/futbol\/wp-json\/wp\/v2\/comments?post=480317"}],"version-history":[{"count":2,"href":"http:\/\/desarrollo.grupomedios.com\/futbol\/wp-json\/wp\/v2\/posts\/480317\/revisions"}],"predecessor-version":[{"id":480339,"href":"http:\/\/desarrollo.grupomedios.com\/futbol\/wp-json\/wp\/v2\/posts\/480317\/revisions\/480339"}],"wp:featuredmedia":[{"embeddable":true,"href":"http:\/\/desarrollo.grupomedios.com\/futbol\/wp-json\/wp\/v2\/media\/480318"}],"wp:attachment":[{"href":"http:\/\/desarrollo.grupomedios.com\/futbol\/wp-json\/wp\/v2\/media?parent=480317"}],"wp:term":[{"taxonomy":"category","embeddable":true,"href":"http:\/\/desarrollo.grupomedios.com\/futbol\/wp-json\/wp\/v2\/categories?post=480317"},{"taxonomy":"post_tag","embeddable":true,"href":"http:\/\/desarrollo.grupomedios.com\/futbol\/wp-json\/wp\/v2\/tags?post=480317"}],"curies":[{"name":"wp","href":"https:\/\/api.w.org\/{rel}","templated":true}]}}