{"id":480334,"date":"2017-05-23T15:38:10","date_gmt":"2017-05-23T20:38:10","guid":{"rendered":"https:\/\/www.futboltotal.com.mx\/?p=480334"},"modified":"2017-05-23T15:38:10","modified_gmt":"2017-05-23T20:38:10","slug":"lobos-buap-quiere-a-moises-munoz-refuerzo","status":"publish","type":"post","link":"http:\/\/desarrollo.grupomedios.com\/futbol\/destacado-home\/lobos-buap-quiere-a-moises-munoz-refuerzo\/2017\/05","title":{"rendered":"Lobos BUAP quiere a Mois\u00e9s Mu\u00f1oz como refuerzo"},"content":{"rendered":"<p>A unos d\u00edas de que <span style=\"color: #3366ff;\"><a style=\"color: #3366ff;\" href=\"https:\/\/www.futboltotal.com.mx\/2017\/05\/resultado-final-de-ascenso-dorados-2-2-lobos-buap\/\" target=\"_blank\" rel=\"noopener noreferrer\">consiguiera su Ascenso a la Liga MX<\/a><\/span>, los <strong>Lobos BUAP<\/strong> ya comienzan a preparar lo que ser\u00e1 el Apertura 2017 y es por ello que estar\u00edan interesados en un guardameta experimentado en la Primera Divisi\u00f3n.<\/p>\n<p>El elegido por el equipo lic\u00e1ntropo ser\u00eda<strong> Mois\u00e9s Mu\u00f1oz<\/strong>, pues luego de que descendiera con Jaguares, el portero <a href=\"https:\/\/www.futboltotal.com.mx\/2017\/05\/moises-munoz-regresaria-al-america-apertura-2017\/\" target=\"_blank\" rel=\"noopener noreferrer\">tendr\u00e1 que regresar al Am\u00e9rica<\/a>, donde sonaba para competir por la titularidad con Agust\u00edn Marches\u00edn.<\/p>\n<p style=\"text-align: center;\"><span style=\"color: #3366ff;\"><a style=\"color: #3366ff;\" href=\"https:\/\/www.futboltotal.com.mx\/2017\/05\/queretaro-prepara-fichaje-bomba-jugador-del-manchester-city\/\">VER M\u00c1S: Quer\u00e9taro prepara fichaje bomba con jugador del Manchester City<\/a><\/span><\/p>\n<p>Aunque el rumor sobre <span style=\"color: #3366ff;\"><a style=\"color: #3366ff;\" href=\"https:\/\/www.futboltotal.com.mx\/2017\/05\/moises-munoz-marchesin-pelearina-titularidad-en-america\/\" target=\"_blank\" rel=\"noopener noreferrer\">ser portero titualar de las \u00c1guilas<\/a><\/span> se ha ido apagando, parece que el destino de <strong>Mu\u00f1oz<\/strong> podr\u00eda estar en Puebla con el nuevo equipo ascendido, seg\u00fan informa el diario <em>R\u00e9cord<\/em>.<\/p>\n<p>Asimismo, Rafa Puente Jr. tambi\u00e9n estar\u00eda buscando a algunos jugadores que descendieron con Chiapas y entre ellos se encuentra el paraguayo Jonathan Fabbro.<\/p>\n<p>\u00bfLes gustar\u00eda ver a <strong>Mois\u00e9s Mu\u00f1oz<\/strong> con la camiseta de <strong>Lobos BUAP<\/strong>, cracks?<\/p>\n<p style=\"text-align: center;\"><span style=\"color: #3366ff;\"><a style=\"color: #3366ff;\" href=\"https:\/\/www.futboltotal.com.mx\/2017\/05\/tijuana-atlas-le-quieren-robar-fichaje-a-la-juventus\/\">VE M\u00c1S: Tijuana y Atlas le quieren robar fichaje a la Juventus<\/a><\/span><\/p>\n","protected":false},"excerpt":{"rendered":"<p>El ex americanista habr\u00eda sido elegido por Rafa Puente Jr.<\/p>\n","protected":false},"author":20,"featured_media":480342,"comment_status":"closed","ping_status":"closed","sticky":false,"template":"","format":"standard","meta":[],"categories":[5,7740,2198,3845],"tags":[4847,3883,64,431,635],"_links":{"self":[{"href":"http:\/\/desarrollo.grupomedios.com\/futbol\/wp-json\/wp\/v2\/posts\/480334"}],"collection":[{"href":"http:\/\/desarrollo.grupomedios.com\/futbol\/wp-json\/wp\/v2\/posts"}],"about":[{"href":"http:\/\/desarrollo.grupomedios.com\/futbol\/wp-json\/wp\/v2\/types\/post"}],"author":[{"embeddable":true,"href":"http:\/\/desarrollo.grupomedios.com\/futbol\/wp-json\/wp\/v2\/users\/20"}],"replies":[{"embeddable":true,"href":"http:\/\/desarrollo.grupomedios.com\/futbol\/wp-json\/wp\/v2\/comments?post=480334"}],"version-history":[{"count":1,"href":"http:\/\/desarrollo.grupomedios.com\/futbol\/wp-json\/wp\/v2\/posts\/480334\/revisions"}],"predecessor-version":[{"id":480344,"href":"http:\/\/desarrollo.grupomedios.com\/futbol\/wp-json\/wp\/v2\/posts\/480334\/revisions\/480344"}],"wp:featuredmedia":[{"embeddable":true,"href":"http:\/\/desarrollo.grupomedios.com\/futbol\/wp-json\/wp\/v2\/media\/480342"}],"wp:attachment":[{"href":"http:\/\/desarrollo.grupomedios.com\/futbol\/wp-json\/wp\/v2\/media?parent=480334"}],"wp:term":[{"taxonomy":"category","embeddable":true,"href":"http:\/\/desarrollo.grupomedios.com\/futbol\/wp-json\/wp\/v2\/categories?post=480334"},{"taxonomy":"post_tag","embeddable":true,"href":"http:\/\/desarrollo.grupomedios.com\/futbol\/wp-json\/wp\/v2\/tags?post=480334"}],"curies":[{"name":"wp","href":"https:\/\/api.w.org\/{rel}","templated":true}]}}