{"id":480346,"date":"2017-05-23T16:13:45","date_gmt":"2017-05-23T21:13:45","guid":{"rendered":"https:\/\/www.futboltotal.com.mx\/?p=480346"},"modified":"2017-05-23T16:13:45","modified_gmt":"2017-05-23T21:13:45","slug":"michael-arroyo-se-despidio-del-america-se-arrepintio","status":"publish","type":"post","link":"http:\/\/desarrollo.grupomedios.com\/futbol\/futbol-mexicano\/michael-arroyo-se-despidio-del-america-se-arrepintio\/2017\/05","title":{"rendered":"Michael Arroyo se despidi\u00f3 del Am\u00e9rica&#8230; pero se arrepinti\u00f3"},"content":{"rendered":"<p>Un episodio m\u00e1s sucedi\u00f3 en torno al futuro del ecuatoriano <strong>Michael Arroyo<\/strong>, quien <a href=\"https:\/\/www.futboltotal.com.mx\/2017\/05\/michael-arroyo-confirma-no-ha-renovado-america\/\" target=\"_blank\" rel=\"noopener noreferrer\"><span style=\"color: #333399;\">termin\u00f3 contrato con el <strong>Am\u00e9rica<\/strong> y el club decidi\u00f3 no renovarlo<\/span><\/a>, por lo que <a href=\"https:\/\/www.futboltotal.com.mx\/2017\/05\/brasil-buscarian-quitarle-a-michael-arroyo-al-america\/\" target=\"_blank\" rel=\"noopener noreferrer\"><span style=\"color: #333399;\">clubes como el <strong>Gremio de Porto Alegre<\/strong><\/span><\/a> est\u00e1n interesados en sus servicios, aunque ni el club ni el jugador hab\u00edan hablado al respecto&#8230; hasta ahora.<\/p>\n<p><strong>Arroyo<\/strong> decidi\u00f3 subir en la red social Instagram un mensaje en el que se despide tanto de las <em><strong>\u00c1guilas<\/strong><\/em>, equipo al que agradece enormemente y lo define como familia, como de M\u00e9xico aparentemente, recordando su paso en este pa\u00eds por otros clubes como <strong>San Luis<\/strong> y <strong>Atlante<\/strong>.<\/p>\n<p style=\"text-align: center;\"><a href=\"https:\/\/www.futboltotal.com.mx\/2017\/05\/lobos-buap-quiere-a-moises-munoz-refuerzo\/\" target=\"_blank\" rel=\"noopener noreferrer\"><span style=\"color: #333399;\">VER M\u00c1S: Lobos BUAP quiere como refuerzo a Mois\u00e9s Mu\u00f1oz<\/span><\/a><\/p>\n<p><a href=\"https:\/\/www.futboltotal.com.mx\/wp-content\/uploads\/2017\/05\/Michael-Arroyo-Instagram.jpg\"><img decoding=\"async\" loading=\"lazy\" class=\"aligncenter size-large wp-image-480354\" src=\"https:\/\/www.futboltotal.com.mx\/wp-content\/uploads\/2017\/05\/Michael-Arroyo-Instagram-1024x576.jpg\" alt=\"Michael Arroyo se despidi\u00f3 del Am\u00e9rica&#8230; pero se arrepinti\u00f3 0\" srcset=\"http:\/\/desarrollo.grupomedios.com\/futbol\/wp-content\/uploads\/2017\/05\/Michael-Arroyo-Instagram-1024x576.jpg 1024w, http:\/\/desarrollo.grupomedios.com\/futbol\/wp-content\/uploads\/2017\/05\/Michael-Arroyo-Instagram-300x169.jpg 300w, http:\/\/desarrollo.grupomedios.com\/futbol\/wp-content\/uploads\/2017\/05\/Michael-Arroyo-Instagram-768x432.jpg 768w, http:\/\/desarrollo.grupomedios.com\/futbol\/wp-content\/uploads\/2017\/05\/Michael-Arroyo-Instagram-317x178.jpg 317w, http:\/\/desarrollo.grupomedios.com\/futbol\/wp-content\/uploads\/2017\/05\/Michael-Arroyo-Instagram-535x301.jpg 535w, http:\/\/desarrollo.grupomedios.com\/futbol\/wp-content\/uploads\/2017\/05\/Michael-Arroyo-Instagram-374x210.jpg 374w, http:\/\/desarrollo.grupomedios.com\/futbol\/wp-content\/uploads\/2017\/05\/Michael-Arroyo-Instagram.jpg 1136w\" sizes=\"(max-width: 1024px) 100vw, 1024px\" \/><\/a><\/p>\n<p>Micky no dej\u00f3 pasar la oportunidad de externar su cari\u00f1o hacia la afici\u00f3n de las <strong><em>\u00c1guilas<\/em><\/strong> por todo el cari\u00f1o que le dieron desde su llegada al equipo en 2014.<\/p>\n<p>Sin embargo, m\u00e1s tarde el jugador se arrepinti\u00f3 de su publicaci\u00f3n y decidi\u00f3 borrarla, aunque en redes sociales qued\u00f3 constancia del mensaje.<\/p>\n<p style=\"text-align: center;\"><a href=\"https:\/\/www.futboltotal.com.mx\/2017\/05\/vasco-aguirre-ya-ofertas-dirigir-en-china-la-mls\/\" target=\"_blank\" rel=\"noopener noreferrer\"><span style=\"color: #333399;\">VER M\u00c1S: El Vasco Aguirre ya tiene ofertas para volver a dirigir<\/span><\/a><\/p>\n<p>El extremo ecuatoriano lleg\u00f3 al futbol mexicano en 2010 al fichar por el <strong>San Luis<\/strong> y en 2012 pas\u00f3 al <strong>Atlante<\/strong>, viviendo un breve regreso a su pa\u00eds entre 2012 y 2013 con el <strong>Barcelona de Guayaquil<\/strong>, para despu\u00e9s volver a M\u00e9xico con el Am\u00e9rica.<\/p>\n<p style=\"text-align: center;\"><a href=\"https:\/\/www.futboltotal.com.mx\/2017\/05\/juventus-porto-tendran-gira-en-mexico-ante-clubes-la-liga-mx\/\" target=\"_blank\" rel=\"noopener noreferrer\"><span style=\"color: #333399;\">VER M\u00c1S: Juventus y Porto tendr\u00e1n gira de partidos en M\u00e9xico<\/span><\/a><\/p>\n","protected":false},"excerpt":{"rendered":"<p>Michael Arroyo dijo adi\u00f3s al Am\u00e9rica y a todo M\u00e9xico por medio de redes sociales.<\/p>\n","protected":false},"author":20,"featured_media":480352,"comment_status":"closed","ping_status":"closed","sticky":false,"template":"","format":"standard","meta":[],"categories":[5419,7740,2198,3845],"tags":[1585,5959,2685,64,4775],"_links":{"self":[{"href":"http:\/\/desarrollo.grupomedios.com\/futbol\/wp-json\/wp\/v2\/posts\/480346"}],"collection":[{"href":"http:\/\/desarrollo.grupomedios.com\/futbol\/wp-json\/wp\/v2\/posts"}],"about":[{"href":"http:\/\/desarrollo.grupomedios.com\/futbol\/wp-json\/wp\/v2\/types\/post"}],"author":[{"embeddable":true,"href":"http:\/\/desarrollo.grupomedios.com\/futbol\/wp-json\/wp\/v2\/users\/20"}],"replies":[{"embeddable":true,"href":"http:\/\/desarrollo.grupomedios.com\/futbol\/wp-json\/wp\/v2\/comments?post=480346"}],"version-history":[{"count":1,"href":"http:\/\/desarrollo.grupomedios.com\/futbol\/wp-json\/wp\/v2\/posts\/480346\/revisions"}],"predecessor-version":[{"id":480360,"href":"http:\/\/desarrollo.grupomedios.com\/futbol\/wp-json\/wp\/v2\/posts\/480346\/revisions\/480360"}],"wp:featuredmedia":[{"embeddable":true,"href":"http:\/\/desarrollo.grupomedios.com\/futbol\/wp-json\/wp\/v2\/media\/480352"}],"wp:attachment":[{"href":"http:\/\/desarrollo.grupomedios.com\/futbol\/wp-json\/wp\/v2\/media?parent=480346"}],"wp:term":[{"taxonomy":"category","embeddable":true,"href":"http:\/\/desarrollo.grupomedios.com\/futbol\/wp-json\/wp\/v2\/categories?post=480346"},{"taxonomy":"post_tag","embeddable":true,"href":"http:\/\/desarrollo.grupomedios.com\/futbol\/wp-json\/wp\/v2\/tags?post=480346"}],"curies":[{"name":"wp","href":"https:\/\/api.w.org\/{rel}","templated":true}]}}