{"id":480379,"date":"2017-05-24T13:00:05","date_gmt":"2017-05-24T18:00:05","guid":{"rendered":"https:\/\/www.futboltotal.com.mx\/?p=480379"},"modified":"2017-05-24T15:43:28","modified_gmt":"2017-05-24T20:43:28","slug":"en-vivo-ajax-vs-manchester-united-europa-league-final","status":"publish","type":"post","link":"http:\/\/desarrollo.grupomedios.com\/futbol\/futbol-internacional\/en-vivo-ajax-vs-manchester-united-europa-league-final\/2017\/05","title":{"rendered":"AS\u00cd SE VIVI\u00d3 | Ajax 0-2 Manchester United | Europa League"},"content":{"rendered":"<p style=\"text-align: center;\"><a href=\"https:\/\/en-vivo.futboltotal.com.mx\/partido\/en-vivo-ajax-vs-manchester-united-europa-league-final\/102\/\" target=\"_blank\" rel=\"noopener noreferrer\"><span style=\"color: #333399;\">DA CLICK AQU\u00cd Y SIGUE EN VIVO LA FINAL DE EUROPA LEAGUE, AJAX VS. MANCHESTER UNITED<\/span><\/a><\/p>\n<p><strong>Manchester <span class=\"classCadenaBusqueda\">United<\/span><\/strong> y <strong>Ajax de Amsterdam<\/strong>, dos equipos hist\u00f3ricos del viejo continente, buscan en Estocolmo (13:45 horas tiempo de M\u00e9xico) el t\u00edtulo de la <strong>Europa League<\/strong>\u00a0y el billete directo para la pr\u00f3xima edici\u00f3n de <strong>Champions League<\/strong>, en una final marcada por el tr\u00e1gico atentado terrorista del martes por la noche en Manchester.<\/p>\n<p>En el equipo de Old Trafford, al que en sus ilustres vitrinas s\u00f3lo falta un t\u00edtulo, la Europa League, conf\u00edan ciegamente en una victoria sobre los holandeses para salvar la que ha sido una decepcionante primera temporada de <strong>Jos\u00e9 Mourinho<\/strong> en el banquillo.<\/p>\n<p>Pese a haber levantado la Copa de la Liga, su mal hacer en la <strong>Premier League<\/strong> -sexto- y en la Copa de Inglaterra (<strong>FA Cup<\/strong>) han hecho de un torneo que a comienzos de curso era visto como una mera distracci\u00f3n en el objetivo primordial de la campa\u00f1a.<\/p>\n<p style=\"text-align: center;\"><a href=\"https:\/\/en-vivo.futboltotal.com.mx\/partido\/en-vivo-ajax-vs-manchester-united-europa-league-final\/102\/\" target=\"_blank\" rel=\"noopener noreferrer\"><span style=\"color: #333399;\">DA CLICK AQU\u00cd Y SIGUE EN VIVO LA FINAL DE EUROPA LEAGUE, AJAX VS. MANCHESTER UNITED<\/span><\/a><\/p>\n<p>De coronarse campe\u00f3n, el <span class=\"classCadenaBusqueda\">United<\/span> no s\u00f3lo elevar\u00eda a cinco el n\u00famero de representantes de la liga inglesa en la Champions el a\u00f1o que viene -Chelsea, Tottenham Hotspur, Manchester City y Liverpool-, sino que levantar\u00eda su primer t\u00edtulo europeo desde el a\u00f1o 2008 y completar\u00eda su glorioso palmar\u00e9s de triunfos internacionales.<\/p>\n<p>El encuentro, sin embargo, estar\u00e1 marcado por el atentado terrorista del lunes por la noche despu\u00e9s de un concierto de la estrella pop estadounidense Ariana Grande en el estadio Manchester Arena, que dej\u00f3 22 muertos y 59 heridos.<\/p>\n<p style=\"text-align: center;\"><a href=\"https:\/\/www.futboltotal.com.mx\/2017\/05\/confirman-condena-a-21-meses-carcel-a-messi-delito-fiscal\/\" target=\"_blank\" rel=\"noopener noreferrer\"><span style=\"color: #333399;\">VER M\u00c1S: Confirman condena de 21 meses de c\u00e1rcel para Messi por delito fiscal<\/span><\/a><\/p>\n<p style=\"text-align: left;\">&#8220;Estamos tremendamente tristes por el suceso tr\u00e1gico de ayer por la noche. No podemos dejar de pensar en ello y nuestros pensamientos nuestro amor est\u00e1 con las v\u00edctimas y sus familias&#8221;, asegur\u00f3 Mourinho.<\/p>\n<p style=\"text-align: left;\">Por su parte, el joven Ajax regresa a una final europea el d\u00eda en que se cumplir\u00e1n veintid\u00f3s a\u00f1os de su \u00faltimo triunfo continental, la victoria por 1-0 en Liga de Campeones contra el Mil\u00e1n, gracias a un gol de Patrick Kluivert, cuyo hijo Justin, delantero como su padre, estar\u00e1 en el banquillo &#8220;ajacied&#8221; en el Friends Arena.<\/p>\n<p style=\"text-align: center;\"><a href=\"https:\/\/www.futboltotal.com.mx\/2017\/05\/cruz-azul-barcelona-pujan-refuerzo-colombiano\/\" target=\"_blank\" rel=\"noopener noreferrer\"><span style=\"color: #333399;\">VER M\u00c1S: Cruz Azul y Bar\u00e7a quieren al mismo refuerzo colombiano<\/span><\/a><\/p>\n<p style=\"text-align: left;\">Desde su ca\u00edda un a\u00f1o m\u00e1s tarde en la misma competici\u00f3n frente al Juventus en la tanda de penaltis, el Ajax no hab\u00eda estado presente en una final europea, a la que llega despu\u00e9s de una temporada que empez\u00f3 con dudas y ha acabado en clara trayectoria ascendente.<\/p>\n<p style=\"text-align: left;\"><strong>Alineaciones probables:<\/strong><\/p>\n<p>Ajax: Onana; Veltman, S\u00e1nchez, De Ligt, Riedewald; Klaasen, Sch\u00f6ne, Ziyech; Traor\u00e9, Dolberg, Younes.<\/p>\n<p>Manchester <span class=\"classCadenaBusqueda\">United<\/span>: Romero; Valencia, Jones, Blind, Darmian; Herrera, Fellaini, Pogba; Lingard, Mkhitaryan y Rashford.<\/p>\n<p>Estadio: Friends Arena (Solna, Estocolmo).<\/p>\n<p style=\"text-align: center;\"><a href=\"https:\/\/www.futboltotal.com.mx\/2017\/05\/miroslava-montemayor-vacaciones-rafael-sobis\/\" target=\"_blank\" rel=\"noopener noreferrer\"><span style=\"color: #333399;\">VER M\u00c1S: Miroslava Montemayor, \u00bfde vacaciones con Rafael Sobis?<\/span><\/a><\/p>\n","protected":false},"excerpt":{"rendered":"<p>Los Red Devils vencen al Ajax y ganan su primer t\u00edtulo de esta clase bajo el mando de Jos\u00e9 Mourinho.<\/p>\n","protected":false},"author":144,"featured_media":480493,"comment_status":"closed","ping_status":"closed","sticky":false,"template":"","format":"standard","meta":[],"categories":[3857,3839],"tags":[8645,516,1752,43],"_links":{"self":[{"href":"http:\/\/desarrollo.grupomedios.com\/futbol\/wp-json\/wp\/v2\/posts\/480379"}],"collection":[{"href":"http:\/\/desarrollo.grupomedios.com\/futbol\/wp-json\/wp\/v2\/posts"}],"about":[{"href":"http:\/\/desarrollo.grupomedios.com\/futbol\/wp-json\/wp\/v2\/types\/post"}],"author":[{"embeddable":true,"href":"http:\/\/desarrollo.grupomedios.com\/futbol\/wp-json\/wp\/v2\/users\/144"}],"replies":[{"embeddable":true,"href":"http:\/\/desarrollo.grupomedios.com\/futbol\/wp-json\/wp\/v2\/comments?post=480379"}],"version-history":[{"count":6,"href":"http:\/\/desarrollo.grupomedios.com\/futbol\/wp-json\/wp\/v2\/posts\/480379\/revisions"}],"predecessor-version":[{"id":480521,"href":"http:\/\/desarrollo.grupomedios.com\/futbol\/wp-json\/wp\/v2\/posts\/480379\/revisions\/480521"}],"wp:featuredmedia":[{"embeddable":true,"href":"http:\/\/desarrollo.grupomedios.com\/futbol\/wp-json\/wp\/v2\/media\/480493"}],"wp:attachment":[{"href":"http:\/\/desarrollo.grupomedios.com\/futbol\/wp-json\/wp\/v2\/media?parent=480379"}],"wp:term":[{"taxonomy":"category","embeddable":true,"href":"http:\/\/desarrollo.grupomedios.com\/futbol\/wp-json\/wp\/v2\/categories?post=480379"},{"taxonomy":"post_tag","embeddable":true,"href":"http:\/\/desarrollo.grupomedios.com\/futbol\/wp-json\/wp\/v2\/tags?post=480379"}],"curies":[{"name":"wp","href":"https:\/\/api.w.org\/{rel}","templated":true}]}}