{"id":480389,"date":"2017-05-23T18:25:20","date_gmt":"2017-05-23T23:25:20","guid":{"rendered":"https:\/\/www.futboltotal.com.mx\/?p=480389"},"modified":"2017-05-23T18:25:20","modified_gmt":"2017-05-23T23:25:20","slug":"real-madrid-se-vinicius-la-nueva-joya-brasilena","status":"publish","type":"post","link":"http:\/\/desarrollo.grupomedios.com\/futbol\/futbol-internacional\/real-madrid-se-vinicius-la-nueva-joya-brasilena\/2017\/05","title":{"rendered":"Real Madrid se hizo de Vinicius, la nueva joya brasile\u00f1a"},"content":{"rendered":"<p>El joven delantero brasile\u00f1o<strong> Vinicius Junior<\/strong>, de 16 a\u00f1os, ser\u00e1 nuevo jugador del <strong>Real Madrid<\/strong> a partir de julio de 2018, tras acuerdo alcanzado con el <strong>Flamengo<\/strong>, que le mantendr\u00e1 un a\u00f1o m\u00e1s de esa fecha, seg\u00fan ha informado el club madrile\u00f1o.<\/p>\n<blockquote class=\"twitter-tweet\" data-width=\"500\">\n<p lang=\"es\" dir=\"ltr\">.<a href=\"https:\/\/twitter.com\/realmadrid\">@RealMadrid<\/a> y Flamengo acordaron la transfer\u00e9ncia del j\u00f3ven Vinicius Jr, que sigue en el club hasta julio de 2019 <a href=\"https:\/\/t.co\/hPWoNanVzD\">pic.twitter.com\/hPWoNanVzD<\/a><\/p>\n<p>&mdash; Flamengo (@Flamengo_es) <a href=\"https:\/\/twitter.com\/Flamengo_es\/status\/867088576428867585\">May 23, 2017<\/a><\/p><\/blockquote>\n<p><script async src=\"\/\/platform.twitter.com\/widgets.js\" charset=\"utf-8\"><\/script><\/p>\n<blockquote><p>&#8220;El<strong> Real Madrid<\/strong> C. F. y el Clube de Regatas do <strong>Flamengo<\/strong> han acordado la transferencia de los derechos federativos del jugador <strong>Vinicius Junior<\/strong> a partir de julio de 2018. El jugador permanecer\u00e1 en su club actual hasta julio de 2019, aunque podr\u00e1 jugar antes en el Real Madrid si lo acuerdan ambos clubes&#8221;, se recoge en el comunicado oficial.<\/p><\/blockquote>\n<p><strong>Vinicius Junior<\/strong>, nacido el 12 de julio de 2000, en San Gon\u00e7ao (R\u00edo de Janeiro, Brasil), llegar\u00e1 pues al Real Madrid cuando tenga 19 a\u00f1os.<\/p>\n<p style=\"text-align: center;\"><span style=\"color: #3366ff;\"><a style=\"color: #3366ff;\" href=\"https:\/\/www.futboltotal.com.mx\/2017\/05\/monterrey-busca-una-bomba-ficharia-a-paulinho\/\">VER M\u00c1S: Monterrey busca una bomba y fichar\u00eda a Paulinho<\/a><\/span><\/p>\n<p>Ven\u00eda jugando con el equipo sub&#8217;17 del Flamengo, siendo el m\u00e1s destacado este a\u00f1o en la Copa Sao Paulo de F\u00fatbol J\u00fanior, el principal torneo para juveniles en Brasil, y tambi\u00e9n fue el goleador, mejor jugador y campe\u00f3n con Brasil del pasado Campeonato Sudamericano Sub&#8217;17.<\/p>\n<p>El joven brasile\u00f1o, que inicialmente ten\u00eda una cl\u00e1usula de rescisi\u00f3n de unos 24 millones de euros, hace apenas una semana firm\u00f3 su primer contrato como profesional con el Flamengo, con el que ya ha debutado este mismo mes en la m\u00e1xima categor\u00eda brasile\u00f1a.<\/p>\n<p style=\"text-align: center;\"><span style=\"color: #3366ff;\"><a style=\"color: #3366ff;\" href=\"https:\/\/www.futboltotal.com.mx\/2017\/05\/juventus-porto-tendran-gira-en-mexico-ante-clubes-la-liga-mx\/\">VER M\u00c1S: Juventus y Porto tendr\u00e1n gira de partidos en M\u00e9xico<\/a><\/span><\/p>\n<p>La renovaci\u00f3n del contrato de Vinicius Junior con el Flamengo, y su ampliaci\u00f3n por tres a\u00f1os, desde 2019 hasta 2022, imped\u00eda que cualquier club fichase sin coste al jugador en julio de 2018, cuando el atacante cumplir\u00e1 18 a\u00f1os.<\/p>\n<p>Este operaci\u00f3n era considerada como un paso previo a la firma del acuerdo entre el Flamengo y el Real Madrid, con la anuencia del jugador, para que su fichaje se produjese justo a partir de julio de 2018, cuando ya Vinicius ser\u00e1 mayor de edad. Algo que esta misma tarde, el club madrile\u00f1o ha anunciado.<\/p>\n<p>Pese a que no se han facilitado cifras oficiales de la operaci\u00f3n, se estima en unos 45 millones de euros la cantidad que, en varios plazos, el Real Madrid abonar\u00e1 al Flamengo por Vinicius. EFE.<\/p>\n<p style=\"text-align: center;\"><span style=\"color: #3366ff;\"><a style=\"color: #3366ff;\" href=\"https:\/\/www.futboltotal.com.mx\/2017\/05\/lobos-buap-quiere-a-moises-munoz-refuerzo\/\">VER M\u00c1S: Lobos BUAP quiere a Mois\u00e9s Mu\u00f1oz como refuerzo<\/a><\/span><\/p>\n<p><iframe loading=\"lazy\" src=\"https:\/\/www.youtube.com\/embed\/WILGtHXNxq0?feature=oembed\" frameborder=\"0\" allowfullscreen><\/iframe><\/p>\n","protected":false},"excerpt":{"rendered":"<p>El brasile\u00f1o se unir\u00e1 al club hasta 2019.<\/p>\n","protected":false},"author":144,"featured_media":480392,"comment_status":"closed","ping_status":"closed","sticky":false,"template":"","format":"standard","meta":[],"categories":[7740,3839,3844],"tags":[6214,5988],"_links":{"self":[{"href":"http:\/\/desarrollo.grupomedios.com\/futbol\/wp-json\/wp\/v2\/posts\/480389"}],"collection":[{"href":"http:\/\/desarrollo.grupomedios.com\/futbol\/wp-json\/wp\/v2\/posts"}],"about":[{"href":"http:\/\/desarrollo.grupomedios.com\/futbol\/wp-json\/wp\/v2\/types\/post"}],"author":[{"embeddable":true,"href":"http:\/\/desarrollo.grupomedios.com\/futbol\/wp-json\/wp\/v2\/users\/144"}],"replies":[{"embeddable":true,"href":"http:\/\/desarrollo.grupomedios.com\/futbol\/wp-json\/wp\/v2\/comments?post=480389"}],"version-history":[{"count":1,"href":"http:\/\/desarrollo.grupomedios.com\/futbol\/wp-json\/wp\/v2\/posts\/480389\/revisions"}],"predecessor-version":[{"id":480393,"href":"http:\/\/desarrollo.grupomedios.com\/futbol\/wp-json\/wp\/v2\/posts\/480389\/revisions\/480393"}],"wp:featuredmedia":[{"embeddable":true,"href":"http:\/\/desarrollo.grupomedios.com\/futbol\/wp-json\/wp\/v2\/media\/480392"}],"wp:attachment":[{"href":"http:\/\/desarrollo.grupomedios.com\/futbol\/wp-json\/wp\/v2\/media?parent=480389"}],"wp:term":[{"taxonomy":"category","embeddable":true,"href":"http:\/\/desarrollo.grupomedios.com\/futbol\/wp-json\/wp\/v2\/categories?post=480389"},{"taxonomy":"post_tag","embeddable":true,"href":"http:\/\/desarrollo.grupomedios.com\/futbol\/wp-json\/wp\/v2\/tags?post=480389"}],"curies":[{"name":"wp","href":"https:\/\/api.w.org\/{rel}","templated":true}]}}