{"id":480399,"date":"2017-05-23T20:07:54","date_gmt":"2017-05-24T01:07:54","guid":{"rendered":"https:\/\/www.futboltotal.com.mx\/?p=480399"},"modified":"2017-05-23T20:07:54","modified_gmt":"2017-05-24T01:07:54","slug":"epic-fail-gareth-bale-luka-modric","status":"publish","type":"post","link":"http:\/\/desarrollo.grupomedios.com\/futbol\/videos\/epic-fail-gareth-bale-luka-modric\/2017\/05","title":{"rendered":"\u00a1Epic Fail de Gareth Bale y Luka Modric!"},"content":{"rendered":"<p>La reacci\u00f3n de <strong>Gareth Bale<\/strong> y <strong>Luka Modric<\/strong> desata la risa a cualquiera. Y no es para menos, despu\u00e9s de que ambos cometieron un <em>epic fail<\/em>, pues no sab\u00edan que \u00a0tendr\u00edan que festejar la conquista de la Liga sin recibir el trofeo.<\/p>\n<p>El gal\u00e9s\u00a0fich\u00f3 con el Real Madrid en 2013 y el croata lo hizo en 2012. En este tiempo ganaron Copa del Rey, Champions League, Supercopa de Europa y hasta Mundialito de Clubes, pero nunca una liga.<\/p>\n<p>Por si te lo perdiste, te dejamos la reacci\u00f3n de ambos en plenos festejo #WTF!!!!<\/p>\n<p style=\"text-align: center;\"><a href=\"https:\/\/www.futboltotal.com.mx\/2017\/05\/policia-registra-casa-di-maria-pastore-presunto-fraude\/\"><span style=\"color: #3366ff;\">VER M\u00c1S: Polic\u00eda registra casa de Di Mar\u00eda y Cavani<\/span><\/a><\/p>\n<blockquote class=\"twitter-video\" data-lang=\"es\">\n<p dir=\"ltr\" lang=\"es\">La mejor Liga del mundo? Modric y Bale se enteran que no hay trofeo <a href=\"https:\/\/t.co\/8mL9RGK4s4\">pic.twitter.com\/8mL9RGK4s4<\/a><\/p>\n<p>\u2014 Coraz\u00f3n Blanco\u2122 (@CristianFdzz) <a href=\"https:\/\/twitter.com\/CristianFdzz\/status\/866773981747171330\">22 de mayo de 2017<\/a><\/p><\/blockquote>\n<p><script async src=\"\/\/platform.twitter.com\/widgets.js\" charset=\"utf-8\"><\/script><\/p>\n","protected":false},"excerpt":{"rendered":"<p>Revive la inesperada reacci\u00f3n del par de jugadores del Real Madrid en la celebraci\u00f3n del t\u00edtulo merengue.<\/p>\n","protected":false},"author":20,"featured_media":480410,"comment_status":"closed","ping_status":"closed","sticky":false,"template":"","format":"standard","meta":[],"categories":[5419,3839,3844,4],"tags":[5988],"_links":{"self":[{"href":"http:\/\/desarrollo.grupomedios.com\/futbol\/wp-json\/wp\/v2\/posts\/480399"}],"collection":[{"href":"http:\/\/desarrollo.grupomedios.com\/futbol\/wp-json\/wp\/v2\/posts"}],"about":[{"href":"http:\/\/desarrollo.grupomedios.com\/futbol\/wp-json\/wp\/v2\/types\/post"}],"author":[{"embeddable":true,"href":"http:\/\/desarrollo.grupomedios.com\/futbol\/wp-json\/wp\/v2\/users\/20"}],"replies":[{"embeddable":true,"href":"http:\/\/desarrollo.grupomedios.com\/futbol\/wp-json\/wp\/v2\/comments?post=480399"}],"version-history":[{"count":2,"href":"http:\/\/desarrollo.grupomedios.com\/futbol\/wp-json\/wp\/v2\/posts\/480399\/revisions"}],"predecessor-version":[{"id":480412,"href":"http:\/\/desarrollo.grupomedios.com\/futbol\/wp-json\/wp\/v2\/posts\/480399\/revisions\/480412"}],"wp:featuredmedia":[{"embeddable":true,"href":"http:\/\/desarrollo.grupomedios.com\/futbol\/wp-json\/wp\/v2\/media\/480410"}],"wp:attachment":[{"href":"http:\/\/desarrollo.grupomedios.com\/futbol\/wp-json\/wp\/v2\/media?parent=480399"}],"wp:term":[{"taxonomy":"category","embeddable":true,"href":"http:\/\/desarrollo.grupomedios.com\/futbol\/wp-json\/wp\/v2\/categories?post=480399"},{"taxonomy":"post_tag","embeddable":true,"href":"http:\/\/desarrollo.grupomedios.com\/futbol\/wp-json\/wp\/v2\/tags?post=480399"}],"curies":[{"name":"wp","href":"https:\/\/api.w.org\/{rel}","templated":true}]}}