{"id":480445,"date":"2017-05-24T10:38:18","date_gmt":"2017-05-24T15:38:18","guid":{"rendered":"https:\/\/www.futboltotal.com.mx\/?p=480445"},"modified":"2017-05-24T10:38:18","modified_gmt":"2017-05-24T15:38:18","slug":"adidas-ft-te-regalan-los-jerseys-del-machester-united","status":"publish","type":"post","link":"http:\/\/desarrollo.grupomedios.com\/futbol\/promociones\/adidas-ft-te-regalan-los-jerseys-del-machester-united\/2017\/05","title":{"rendered":"adidas y FT te regalan los jerseys del Machester United"},"content":{"rendered":"<p>\u00bfQuieres vivir la pasi\u00f3n de Final de la Europa League apoyando al Manchester United como un verdadero fan?\u00a0Es muy f\u00e1cil,\u00a0<strong>adidas\u00a0<\/strong>y\u00a0<strong>Futbol Total<\/strong> te regalan 2 jerseys de los Red Devils,\u00a0s\u00f3lo debes seguir estos sencillos pasos:<\/p>\n<p>\u2013 Debes seguir<em>\u00a0<\/em>en <strong>Twitter<\/strong>\u00a0a\u00a0<a href=\"https:\/\/twitter.com\/MXFutbolTotal\">@MXfutboltotal<\/a> \u00a0y en <strong>Facebook<\/strong>\u00a0a\u00a0<a href=\"https:\/\/www.facebook.com\/futboltotalmexico\">Futbol Total<\/a> (y tomar screenshots de cada uno para comprobarlo).<\/p>\n<p>\u2013 Despu\u00e9s, comparte\u00a0la publicaci\u00f3n en Twitter y Facebook (y toma screenshots de cada uno de los compartidos para comprobarlo).<\/p>\n<p>\u2013 Danos\u00a0tu pron\u00f3stico de\u00a0la <span style=\"color: #333399;\"><a style=\"color: #333399;\" href=\"https:\/\/www.futboltotal.com.mx\/2017\/05\/en-vivo-ajax-vs-manchester-united-europa-league-final\/\" target=\"_blank\" rel=\"noopener noreferrer\"><strong>Final<\/strong> de la <strong>Europa League<\/strong> entre <strong>Ajax<\/strong> y <strong>Manchester United<\/strong><\/a><\/span>, que se disputa este mi\u00e9rcoles 24 de mayo (marcador del partido en tiempo regular).<\/p>\n<p>\u2013 Manda tu\u00a0pron\u00f3stico y tus screenshots al correo\u00a0futboltotal@futboltotal.com.mx con asunto \u201c<strong>JERSEY MANCHESTER UNITED-ADIDAS<\/strong>\u201d. El mensaje deber\u00e1 tener el\u00a0nombre completo del participante y cumplir con todos los requisitos.<\/p>\n<p>\u2013 El\u00a0pron\u00f3stico acertado que cumpla con todos los requisitos ser\u00e1\u00a0el ganador de<strong>\u00a01 de los 2 jerseys del Manchester United de la actual temporada (primer y tercer uniforme)<\/strong>.<\/p>\n<p>\u2013 S\u00f3lo se tomar\u00e1n en cuenta correos\u00a0recibidos hasta antes del mi\u00e9rcoles 24 de mayo\u00a0a las 13:45 horas.<\/p>\n<p>El\u00a0<strong>equipo de Futbol Total<\/strong>\u00a0se comunicar\u00e1 con el ganador, quien deber\u00e1 recoger su premio\u00a0en las oficinas de Futbol Total, ubicadas en la Ciudad de M\u00e9xico. La entrega del premio ser\u00e1 los d\u00edas\u00a0jueves 25\u00a0o viernes\u00a026 de mayo,\u00a0en horario de 10:00 a 15:00 horas. Indispensable presentar original y copia de identificaci\u00f3n oficial.<\/p>\n<p>\u00a1Mucha suerte\u00a0<em>cracks<\/em>!<\/p>\n","protected":false},"excerpt":{"rendered":"<p>adidas y Futbol Total te regalan 2 jerseys del Manchester United.<\/p>\n","protected":false},"author":20,"featured_media":480449,"comment_status":"closed","ping_status":"closed","sticky":false,"template":"","format":"standard","meta":[],"categories":[3839,60],"tags":[2411,1603,516,1752,43],"_links":{"self":[{"href":"http:\/\/desarrollo.grupomedios.com\/futbol\/wp-json\/wp\/v2\/posts\/480445"}],"collection":[{"href":"http:\/\/desarrollo.grupomedios.com\/futbol\/wp-json\/wp\/v2\/posts"}],"about":[{"href":"http:\/\/desarrollo.grupomedios.com\/futbol\/wp-json\/wp\/v2\/types\/post"}],"author":[{"embeddable":true,"href":"http:\/\/desarrollo.grupomedios.com\/futbol\/wp-json\/wp\/v2\/users\/20"}],"replies":[{"embeddable":true,"href":"http:\/\/desarrollo.grupomedios.com\/futbol\/wp-json\/wp\/v2\/comments?post=480445"}],"version-history":[{"count":1,"href":"http:\/\/desarrollo.grupomedios.com\/futbol\/wp-json\/wp\/v2\/posts\/480445\/revisions"}],"predecessor-version":[{"id":480450,"href":"http:\/\/desarrollo.grupomedios.com\/futbol\/wp-json\/wp\/v2\/posts\/480445\/revisions\/480450"}],"wp:featuredmedia":[{"embeddable":true,"href":"http:\/\/desarrollo.grupomedios.com\/futbol\/wp-json\/wp\/v2\/media\/480449"}],"wp:attachment":[{"href":"http:\/\/desarrollo.grupomedios.com\/futbol\/wp-json\/wp\/v2\/media?parent=480445"}],"wp:term":[{"taxonomy":"category","embeddable":true,"href":"http:\/\/desarrollo.grupomedios.com\/futbol\/wp-json\/wp\/v2\/categories?post=480445"},{"taxonomy":"post_tag","embeddable":true,"href":"http:\/\/desarrollo.grupomedios.com\/futbol\/wp-json\/wp\/v2\/tags?post=480445"}],"curies":[{"name":"wp","href":"https:\/\/api.w.org\/{rel}","templated":true}]}}