{"id":480458,"date":"2017-05-24T11:43:43","date_gmt":"2017-05-24T16:43:43","guid":{"rendered":"https:\/\/www.futboltotal.com.mx\/?p=480458"},"modified":"2017-05-24T11:43:43","modified_gmt":"2017-05-24T16:43:43","slug":"eintracht-cepilla-a-companero-fabian-hacerse-tatuaje","status":"publish","type":"post","link":"http:\/\/desarrollo.grupomedios.com\/futbol\/futbol-mexicano\/eintracht-cepilla-a-companero-fabian-hacerse-tatuaje\/2017\/05","title":{"rendered":"Eintracht cepilla a compa\u00f1ero de Fabi\u00e1n por hacerse un tatuaje"},"content":{"rendered":"<p>El <strong>Eintracht Frankfurt<\/strong>, donde milita el mexicano <strong>Marco Fabi\u00e1n<\/strong>,\u00a0separ\u00f3 del equipo al uruguayo Guillermo Varela por un tatuaje que se hizo en contra de la recomendaci\u00f3n del cuerpo m\u00e9dico del club y del entrenador Niko Kovac.<\/p>\n<blockquote><p>&#8220;En contra de las indicaciones del entrenador Niko Kovac, Guillermo Varela se mand\u00f3 hacer el lunes pasado un tatuaje que se ha inflamado&#8221;, dijo el club a trav\u00e9s de un comunicado de prensa.<\/p>\n<p style=\"text-align: center;\"><a href=\"https:\/\/www.futboltotal.com.mx\/2017\/05\/futbol-estufa-posibles-destinos-los-mexicanos-en-europa\/\" target=\"_blank\" rel=\"noopener noreferrer\"><span style=\"color: #3366ff;\">VER M\u00c1S: Futbol de Estufa | Posibles destinos de mexicanos en Europa<\/span><\/a><\/p>\n<p>&#8220;Se trata de un comportamiento irresponsable que afecta a todo el equipo. El club no puede permitir que antes de un partido tan importante un jugador obre en contra de las instrucciones del entrenador y del cuerpo m\u00e9dico&#8221;, dijo el director deportivo Fredi Bobic.<\/p><\/blockquote>\n<p>Varela hab\u00eda llegado al <strong>Eintracht<\/strong> cedido por el Manchester United y recientemente manifest\u00f3 que su deseo era permanecer en el club.<\/p>\n<blockquote><p>&#8220;De eso ya no se hablar\u00e1 m\u00e1s. El camino de Guillermo en el Eintracht ha terminado&#8221;, enfatiz\u00f3 el club en el escrito.<\/p>\n<p>&nbsp;<\/p><\/blockquote>\n","protected":false},"excerpt":{"rendered":"<p>El jugador, cedido por el Manchester United, cometi\u00f3 un acto de rebeld\u00eda y fue dado de baja. <\/p>\n","protected":false},"author":20,"featured_media":480462,"comment_status":"closed","ping_status":"closed","sticky":false,"template":"","format":"standard","meta":[],"categories":[2198,3845],"tags":[3588],"_links":{"self":[{"href":"http:\/\/desarrollo.grupomedios.com\/futbol\/wp-json\/wp\/v2\/posts\/480458"}],"collection":[{"href":"http:\/\/desarrollo.grupomedios.com\/futbol\/wp-json\/wp\/v2\/posts"}],"about":[{"href":"http:\/\/desarrollo.grupomedios.com\/futbol\/wp-json\/wp\/v2\/types\/post"}],"author":[{"embeddable":true,"href":"http:\/\/desarrollo.grupomedios.com\/futbol\/wp-json\/wp\/v2\/users\/20"}],"replies":[{"embeddable":true,"href":"http:\/\/desarrollo.grupomedios.com\/futbol\/wp-json\/wp\/v2\/comments?post=480458"}],"version-history":[{"count":2,"href":"http:\/\/desarrollo.grupomedios.com\/futbol\/wp-json\/wp\/v2\/posts\/480458\/revisions"}],"predecessor-version":[{"id":480464,"href":"http:\/\/desarrollo.grupomedios.com\/futbol\/wp-json\/wp\/v2\/posts\/480458\/revisions\/480464"}],"wp:featuredmedia":[{"embeddable":true,"href":"http:\/\/desarrollo.grupomedios.com\/futbol\/wp-json\/wp\/v2\/media\/480462"}],"wp:attachment":[{"href":"http:\/\/desarrollo.grupomedios.com\/futbol\/wp-json\/wp\/v2\/media?parent=480458"}],"wp:term":[{"taxonomy":"category","embeddable":true,"href":"http:\/\/desarrollo.grupomedios.com\/futbol\/wp-json\/wp\/v2\/categories?post=480458"},{"taxonomy":"post_tag","embeddable":true,"href":"http:\/\/desarrollo.grupomedios.com\/futbol\/wp-json\/wp\/v2\/tags?post=480458"}],"curies":[{"name":"wp","href":"https:\/\/api.w.org\/{rel}","templated":true}]}}