{"id":480465,"date":"2017-05-24T12:12:58","date_gmt":"2017-05-24T17:12:58","guid":{"rendered":"https:\/\/www.futboltotal.com.mx\/?p=480465"},"modified":"2017-05-24T12:17:20","modified_gmt":"2017-05-24T17:17:20","slug":"ademas-chicharito-lyon-estara-interesado-en-vela","status":"publish","type":"post","link":"http:\/\/desarrollo.grupomedios.com\/futbol\/destacado-home\/ademas-chicharito-lyon-estara-interesado-en-vela\/2017\/05","title":{"rendered":"\u00a1En Francia quieren reunir a la dupla Chicharito-Carlos Vela!"},"content":{"rendered":"<p>Adem\u00e1s del <span style=\"color: #3366ff;\"><a style=\"color: #3366ff;\" href=\"https:\/\/www.futboltotal.com.mx\/2017\/05\/olympique-lyon-estaria-interesado-en-chicharito\/\" target=\"_blank\" rel=\"noopener noreferrer\">inter\u00e9s que tienen en Chicharito Hern\u00e1ndez<\/a><\/span>, el <strong>Olympique de Lyon<\/strong> tambi\u00e9n buscar\u00eda contratar a otro mexicano, pues el equipo franc\u00e9s tiene en la mira al delantero de la Real Sociedad, <strong>Carlos Vela<\/strong>.<\/p>\n<p>Tras la<span style=\"color: #3366ff;\"> <a style=\"color: #3366ff;\" href=\"https:\/\/www.futboltotal.com.mx\/2017\/05\/alexandre-lacazette-podria-llegar-al-atletico-madrid\/\" target=\"_blank\" rel=\"noopener noreferrer\">salida de Alexandre Lacazette, con un posible destino en el Atl\u00e9tico de Madrid<\/a><\/span>, el equipo franc\u00e9s busca reforzar su delantera y ambos atacantes podr\u00edan como refuerzos para la pr\u00f3xima temporada.<\/p>\n<p style=\"text-align: center;\"><span style=\"color: #3366ff;\"><a style=\"color: #3366ff;\" href=\"https:\/\/www.futboltotal.com.mx\/2017\/05\/liga-espana-celta-alaves-chivas-matias-almeyda\/\">VER M\u00c1S: Alav\u00e9s y Celta quieren robarse a Mat\u00edas Almeyda<\/a><\/span><\/p>\n<p>Seg\u00fan el portal Foot01 de Francia, el objetivo del <strong>Olympique de Lyon<\/strong> es poder contar con los delanteros para poder competir con el Campe\u00f3n M\u00f3naco y el poderoso PSG, adem\u00e1s de que disputar\u00e1n de nueva cuenta la Europa League, donde esta temporada quedaron eliminados ante el Ajax.<\/p>\n<p><a href=\"https:\/\/www.futboltotal.com.mx\/wp-content\/uploads\/2017\/05\/carlos-vela-lyon.jpg\"><img decoding=\"async\" loading=\"lazy\" class=\"alignnone size-full wp-image-480472\" src=\"https:\/\/www.futboltotal.com.mx\/wp-content\/uploads\/2017\/05\/carlos-vela-lyon.jpg\" alt=\"\u00a1En Francia quieren reunir a la dupla Chicharito-Carlos Vela! 0\" srcset=\"http:\/\/desarrollo.grupomedios.com\/futbol\/wp-content\/uploads\/2017\/05\/carlos-vela-lyon.jpg 706w, http:\/\/desarrollo.grupomedios.com\/futbol\/wp-content\/uploads\/2017\/05\/carlos-vela-lyon-300x266.jpg 300w\" sizes=\"(max-width: 706px) 100vw, 706px\" \/><\/a><\/p>\n<p>La experiencia que <strong>Chicharito<\/strong> y <strong>Carlos Vela<\/strong> tienen en Europa, donde ambos han disputados Europa League y Champions League, ser\u00eda uno de los principales motivos por los que los franceses se interesaron en los delanteros mexicanos.<\/p>\n<p>\u00bfLes gustar\u00eda ver a <strong>Vela<\/strong> y <strong>Chicharito<\/strong> juntos en el Olympique de Lyon?<\/p>\n<p style=\"text-align: center;\"><span style=\"color: #3366ff;\"><a style=\"color: #3366ff;\" href=\"https:\/\/www.futboltotal.com.mx\/2017\/05\/final-liga-mx-tigres-vs-chivas-ira-tv-azteca\/\">VER M\u00c1S: \u00a1Final de Liga MX, Tigres vs. Chivas, tambi\u00e9n ir\u00e1 por TV Azteca!<\/a><\/span><\/p>\n","protected":false},"excerpt":{"rendered":"<p>El club franc\u00e9s buscar\u00eda juntar a los mexicanos.<\/p>\n","protected":false},"author":20,"featured_media":480471,"comment_status":"closed","ping_status":"closed","sticky":false,"template":"","format":"standard","meta":[],"categories":[5,7740,3839],"tags":[6048,549],"_links":{"self":[{"href":"http:\/\/desarrollo.grupomedios.com\/futbol\/wp-json\/wp\/v2\/posts\/480465"}],"collection":[{"href":"http:\/\/desarrollo.grupomedios.com\/futbol\/wp-json\/wp\/v2\/posts"}],"about":[{"href":"http:\/\/desarrollo.grupomedios.com\/futbol\/wp-json\/wp\/v2\/types\/post"}],"author":[{"embeddable":true,"href":"http:\/\/desarrollo.grupomedios.com\/futbol\/wp-json\/wp\/v2\/users\/20"}],"replies":[{"embeddable":true,"href":"http:\/\/desarrollo.grupomedios.com\/futbol\/wp-json\/wp\/v2\/comments?post=480465"}],"version-history":[{"count":2,"href":"http:\/\/desarrollo.grupomedios.com\/futbol\/wp-json\/wp\/v2\/posts\/480465\/revisions"}],"predecessor-version":[{"id":480474,"href":"http:\/\/desarrollo.grupomedios.com\/futbol\/wp-json\/wp\/v2\/posts\/480465\/revisions\/480474"}],"wp:featuredmedia":[{"embeddable":true,"href":"http:\/\/desarrollo.grupomedios.com\/futbol\/wp-json\/wp\/v2\/media\/480471"}],"wp:attachment":[{"href":"http:\/\/desarrollo.grupomedios.com\/futbol\/wp-json\/wp\/v2\/media?parent=480465"}],"wp:term":[{"taxonomy":"category","embeddable":true,"href":"http:\/\/desarrollo.grupomedios.com\/futbol\/wp-json\/wp\/v2\/categories?post=480465"},{"taxonomy":"post_tag","embeddable":true,"href":"http:\/\/desarrollo.grupomedios.com\/futbol\/wp-json\/wp\/v2\/tags?post=480465"}],"curies":[{"name":"wp","href":"https:\/\/api.w.org\/{rel}","templated":true}]}}