{"id":480468,"date":"2017-05-24T12:34:39","date_gmt":"2017-05-24T17:34:39","guid":{"rendered":"https:\/\/www.futboltotal.com.mx\/?p=480468"},"modified":"2017-05-24T12:37:50","modified_gmt":"2017-05-24T17:37:50","slug":"porto-pone-precio-a-miguel-layun-barca-lo-busca","status":"publish","type":"post","link":"http:\/\/desarrollo.grupomedios.com\/futbol\/destacado-home\/porto-pone-precio-a-miguel-layun-barca-lo-busca\/2017\/05","title":{"rendered":"Porto pone precio a Miguel Lay\u00fan; Bar\u00e7a s\u00ed lo busca"},"content":{"rendered":"<p><strong>Miguel Lay\u00fan<\/strong> vive las dos caras de la moneda tras la disputa de su segunda temporada con el <strong>FC Porto<\/strong>.<\/p>\n<p>El mexicano acaba de terminar un a\u00f1o complicado en el que no tuvo continuidad a causa de lesiones y por descartes del exentrenador Nuno Esp\u00edrito Santo; como consecuencia, los <em>Dragones<\/em> ya le habr\u00edan puesto precio para dejarlo partir.<\/p>\n<p>Este mi\u00e9rcoles, el diario portugu\u00e9s <em>Record\u00a0<\/em>apunta que la directiva del <strong>Porto<\/strong>\u00a0escuchar\u00e1 ofertas y pedir\u00e1 seis millones de euros por el pase del mexicano. Esta cifra es la misma que el club pag\u00f3 el a\u00f1o pasado al Watford para ejercer una opci\u00f3n de compra tras haber negociado su cesi\u00f3n en 2015.<\/p>\n<p style=\"text-align: center;\"><span style=\"color: #3366ff;\"><a style=\"color: #3366ff;\" href=\"https:\/\/www.futboltotal.com.mx\/2017\/05\/futbol-estufa-posibles-destinos-los-mexicanos-en-europa\/\" target=\"_blank\" rel=\"noopener noreferrer\">VER M\u00c1S: Futbol de Estufa | Mexicanos en Europa<\/a><\/span><\/p>\n<p style=\"text-align: left;\">A pesar de que <strong>Miguel Lay\u00fan<\/strong> no tuvo un rendimiento superlativo este curso como en su primer a\u00f1o<em>,<\/em> en el que acab\u00f3 como uno de los mejores asistidores de Europa, hay varios clubes interesados en sus servicios este mercado.<\/p>\n<p style=\"text-align: left;\">La semana pasada trascendi\u00f3 que el internacional <em>tricolor<\/em> era una de los refuerzos que contemplaban el Inter de Milan y el\u00a0<strong>FC Barcelona<\/strong>. Hoy se sabe que los <em>Cul\u00e9s\u00a0<\/em>s\u00ed lo contemplan como alternativa, aunque no es la principal opci\u00f3n.<\/p>\n<blockquote>\n<p style=\"text-align: left;\">De ello habl\u00f3 la periodista Sara Portillo, de <em>Mediaset<\/em> Espa\u00f1a, y se\u00f1al\u00f3 que Lay\u00fan &#8220;interesa bastante, pero la prioridad del Barcelona es fichar jugadores j\u00f3venes&#8221;. &#8220;Tienen en la mira a Ricardo Rodr\u00edguez del Wolfsburg y Benjam\u00edn Mendy del M\u00f3naco. En el caso de que no se diera el fichaje de alguno de ellos dos, ir\u00edan por Lay\u00fan\u201d, afirm\u00f3.<\/p>\n<\/blockquote>\n<p style=\"text-align: center;\"><span style=\"color: #3366ff;\"><a style=\"color: #3366ff;\" href=\"https:\/\/www.futboltotal.com.mx\/2017\/05\/herrera-layun-tecatito-se-quedan-sin-tecnico-2\/\">VER M\u00c1S: Herrera, Lay\u00fan y Tecatito se quedan sin t\u00e9cnico<\/a><\/span><\/p>\n<p style=\"text-align: left;\">Sin embargo las cosas podr\u00edan ser distintas en caso de que Ernesto Valverde, quien figura como el principal candidato para relevar a Luis Enrique, fuera el nuevo entrenador del equipo, pues el estratega tendr\u00eda como prioridad fichar en esta demarcaci\u00f3n un jugador experimentado y Lay\u00fan, de 29 a\u00f1os, gana bonos con las participaciones previas que ha tenido en la Champions League.<\/p>\n<blockquote>\n<p style=\"text-align: left;\">&#8220;Valverde y \u00e9l decidir\u00e1 las necesidades que tiene el club. Lay\u00fan tiene experiencia y eso es muy importante&#8221;, valor\u00f3 Portillo.<\/p>\n<\/blockquote>\n<p style=\"text-align: left;\">Si el Barcelona quiere a<strong> Lay\u00fan<\/strong> tendr\u00e1 que pagar no menos de 6 MDE por su traspaso, cifra que desea recuperar el Porto.<\/p>\n","protected":false},"excerpt":{"rendered":"<p>Los Dragones escuchar\u00e1n ofertas por el lateral izquierdo en el pr\u00f3ximo mercado de traspasos.<\/p>\n","protected":false},"author":20,"featured_media":480477,"comment_status":"closed","ping_status":"closed","sticky":false,"template":"","format":"standard","meta":[],"categories":[5,3839,6718],"tags":[1035],"_links":{"self":[{"href":"http:\/\/desarrollo.grupomedios.com\/futbol\/wp-json\/wp\/v2\/posts\/480468"}],"collection":[{"href":"http:\/\/desarrollo.grupomedios.com\/futbol\/wp-json\/wp\/v2\/posts"}],"about":[{"href":"http:\/\/desarrollo.grupomedios.com\/futbol\/wp-json\/wp\/v2\/types\/post"}],"author":[{"embeddable":true,"href":"http:\/\/desarrollo.grupomedios.com\/futbol\/wp-json\/wp\/v2\/users\/20"}],"replies":[{"embeddable":true,"href":"http:\/\/desarrollo.grupomedios.com\/futbol\/wp-json\/wp\/v2\/comments?post=480468"}],"version-history":[{"count":2,"href":"http:\/\/desarrollo.grupomedios.com\/futbol\/wp-json\/wp\/v2\/posts\/480468\/revisions"}],"predecessor-version":[{"id":480480,"href":"http:\/\/desarrollo.grupomedios.com\/futbol\/wp-json\/wp\/v2\/posts\/480468\/revisions\/480480"}],"wp:featuredmedia":[{"embeddable":true,"href":"http:\/\/desarrollo.grupomedios.com\/futbol\/wp-json\/wp\/v2\/media\/480477"}],"wp:attachment":[{"href":"http:\/\/desarrollo.grupomedios.com\/futbol\/wp-json\/wp\/v2\/media?parent=480468"}],"wp:term":[{"taxonomy":"category","embeddable":true,"href":"http:\/\/desarrollo.grupomedios.com\/futbol\/wp-json\/wp\/v2\/categories?post=480468"},{"taxonomy":"post_tag","embeddable":true,"href":"http:\/\/desarrollo.grupomedios.com\/futbol\/wp-json\/wp\/v2\/tags?post=480468"}],"curies":[{"name":"wp","href":"https:\/\/api.w.org\/{rel}","templated":true}]}}