{"id":480486,"date":"2017-05-24T14:00:47","date_gmt":"2017-05-24T19:00:47","guid":{"rendered":"https:\/\/www.futboltotal.com.mx\/?p=480486"},"modified":"2017-05-24T14:00:47","modified_gmt":"2017-05-24T19:00:47","slug":"asi-juega-vinicius-jr-la-nueva-joya-del-real-madrid","status":"publish","type":"post","link":"http:\/\/desarrollo.grupomedios.com\/futbol\/videos\/asi-juega-vinicius-jr-la-nueva-joya-del-real-madrid\/2017\/05","title":{"rendered":"\u00a1As\u00ed juega Vinicius Jr, la nueva joya del Real Madrid!"},"content":{"rendered":"<p>Recientemente, <strong>Real Madrid<\/strong> hizo oficial el fichaje del futbolista brasile\u00f1o <strong>Vinicius Jr.<\/strong>, quien <span style=\"color: #ff0000;\"><a style=\"color: #ff0000;\" href=\"https:\/\/www.futboltotal.com.mx\/2017\/05\/real-madrid-se-vinicius-la-nueva-joya-brasilena\/\" target=\"_blank\" rel=\"noopener noreferrer\">se incorporar\u00e1 a las filas merengues hasta 2019<\/a><\/span>, debido a que a\u00fan tiene 19 a\u00f1os, pero ya es la sensaci\u00f3n del balompi\u00e9 de su pa\u00eds. El jugador admira a Ronaldo, Ronaldinho y Neymar, por lo que busca seguir sus pasos, inclusive, su desempe\u00f1o es muy parecido al de ellos.<\/p>\n<p style=\"text-align: center;\"><span style=\"color: #3366ff;\"><a style=\"color: #3366ff;\" href=\"https:\/\/www.futboltotal.com.mx\/2017\/05\/porto-pone-precio-a-miguel-layun-barca-lo-busca\/\" target=\"_blank\" rel=\"noopener noreferrer\"><strong>VER M\u00c1S: Porto ya le pone precio a Lay\u00fan, tras inter\u00e9s de Barcelona<\/strong><\/a><\/span><\/p>\n<p><iframe loading=\"lazy\" src=\"https:\/\/www.youtube.com\/embed\/V_CjzoT5ccU\" frameborder=\"0\" allowfullscreen=\"allowfullscreen\"><\/iframe><\/p>\n<p style=\"text-align: center;\"><span style=\"color: #3366ff;\"><a style=\"color: #3366ff;\" href=\"https:\/\/www.futboltotal.com.mx\/2017\/05\/futbol-estufa-posibles-destinos-los-mexicanos-en-europa\/\" target=\"_blank\" rel=\"noopener noreferrer\"><strong>VER M\u00c1S: Futbol de Estufa | Mexicanos en Europa<\/strong><\/a><\/span><\/p>\n<blockquote class=\"twitter-video\" data-lang=\"es\">\n<p dir=\"ltr\" lang=\"pt\">Momento m\u00e1gico ao lado de <a href=\"https:\/\/twitter.com\/Ronaldo\">@ronaldo<\/a> e <a href=\"https:\/\/twitter.com\/10Ronaldinho\">@10Ronaldinho<\/a> <a href=\"https:\/\/twitter.com\/hashtag\/piranomeuair?src=hash\">#piranomeuair<\/a> <a href=\"https:\/\/twitter.com\/hashtag\/brasileiragem?src=hash\">#brasileiragem<\/a> <a href=\"https:\/\/t.co\/ulO2LL5KBl\">pic.twitter.com\/ulO2LL5KBl<\/a><\/p>\n<p>\u2014 Vinicius Junior (@vini11Oficial) <a href=\"https:\/\/twitter.com\/vini11Oficial\/status\/846024370992697345\">26 de marzo de 2017<\/a><\/p><\/blockquote>\n<p><script async src=\"\/\/platform.twitter.com\/widgets.js\" charset=\"utf-8\"><\/script><\/p>\n<p style=\"text-align: center;\"><span style=\"color: #3366ff;\"><a style=\"color: #3366ff;\" href=\"https:\/\/www.futboltotal.com.mx\/2017\/05\/miroslava-montemayor-vacaciones-rafael-sobis\/\" target=\"_blank\" rel=\"noopener noreferrer\"><strong>VER M\u00c1S: Miroslava Montemayor estar\u00eda de vacaciones con Rafael Sobis<\/strong><\/a><\/span><\/p>\n<p>S\u00edguenos en Twitter: <a href=\"https:\/\/twitter.com\/MXFutbolTotal\" target=\"_blank\" rel=\"noopener noreferrer\">@MXFutbolTotal<\/a><\/p>\n","protected":false},"excerpt":{"rendered":"<p>El joven busca seguir los pasos de los \u00faltimos grandes \u00eddolos cariocas.<\/p>\n","protected":false},"author":20,"featured_media":480487,"comment_status":"closed","ping_status":"closed","sticky":false,"template":"","format":"standard","meta":[],"categories":[3839,3844,4,6433],"tags":[6214,5988],"_links":{"self":[{"href":"http:\/\/desarrollo.grupomedios.com\/futbol\/wp-json\/wp\/v2\/posts\/480486"}],"collection":[{"href":"http:\/\/desarrollo.grupomedios.com\/futbol\/wp-json\/wp\/v2\/posts"}],"about":[{"href":"http:\/\/desarrollo.grupomedios.com\/futbol\/wp-json\/wp\/v2\/types\/post"}],"author":[{"embeddable":true,"href":"http:\/\/desarrollo.grupomedios.com\/futbol\/wp-json\/wp\/v2\/users\/20"}],"replies":[{"embeddable":true,"href":"http:\/\/desarrollo.grupomedios.com\/futbol\/wp-json\/wp\/v2\/comments?post=480486"}],"version-history":[{"count":1,"href":"http:\/\/desarrollo.grupomedios.com\/futbol\/wp-json\/wp\/v2\/posts\/480486\/revisions"}],"predecessor-version":[{"id":480488,"href":"http:\/\/desarrollo.grupomedios.com\/futbol\/wp-json\/wp\/v2\/posts\/480486\/revisions\/480488"}],"wp:featuredmedia":[{"embeddable":true,"href":"http:\/\/desarrollo.grupomedios.com\/futbol\/wp-json\/wp\/v2\/media\/480487"}],"wp:attachment":[{"href":"http:\/\/desarrollo.grupomedios.com\/futbol\/wp-json\/wp\/v2\/media?parent=480486"}],"wp:term":[{"taxonomy":"category","embeddable":true,"href":"http:\/\/desarrollo.grupomedios.com\/futbol\/wp-json\/wp\/v2\/categories?post=480486"},{"taxonomy":"post_tag","embeddable":true,"href":"http:\/\/desarrollo.grupomedios.com\/futbol\/wp-json\/wp\/v2\/tags?post=480486"}],"curies":[{"name":"wp","href":"https:\/\/api.w.org\/{rel}","templated":true}]}}