{"id":480511,"date":"2017-05-24T15:29:17","date_gmt":"2017-05-24T20:29:17","guid":{"rendered":"https:\/\/www.futboltotal.com.mx\/?p=480511"},"modified":"2017-05-24T15:29:17","modified_gmt":"2017-05-24T20:29:17","slug":"jose-luis-higuera-quiere-a-luis-garcia-narrando-la-final","status":"publish","type":"post","link":"http:\/\/desarrollo.grupomedios.com\/futbol\/futbol-mexicano\/jose-luis-higuera-quiere-a-luis-garcia-narrando-la-final\/2017\/05","title":{"rendered":"\u00a1Jos\u00e9 Luis Higuera quiere a Luis Garc\u00eda narrando la Final!"},"content":{"rendered":"<p>Este d\u00eda los aficionados de <strong>Chivas y Tigres<\/strong> fueron sorprendidos con que la Final del Clausura 2017 <span style=\"color: #3366ff;\"><a style=\"color: #3366ff;\" href=\"https:\/\/www.futboltotal.com.mx\/2017\/05\/final-liga-mx-tigres-vs-chivas-ira-tv-azteca\/\" target=\"_blank\" rel=\"noopener noreferrer\">ser\u00e1 transmitida por Azteca Deportes<\/a><\/span>, y esto ya ha generado varias reacciones, entre ellas las de <strong>Jos\u00e9 Luis Higuera<\/strong> y <strong>Luis Garc\u00eda<\/strong>.<\/p>\n<p>A trav\u00e9s de Twitter, el ex futbolista y ahora analista le envi\u00f3 un mensaje al directivo del <em>Reba\u00f1o Sagrado<\/em> para que cediera la transmisi\u00f3n del partido a Azteca Deportes, por lo que Higuera decidi\u00f3 responderle con una invitaci\u00f3n.<\/p>\n<p>&#8220;Querido @JLHB33 ya tenemos la final de ida en @futaztecadep, s\u00e9 bueno y danos la de vuelta tambi\u00e9n, no te vas arrepentir. \u00a1\u00c1ndale! Abrazo&#8221;, escribi\u00f3 <strong>Luis Garc\u00eda<\/strong> en su Twitter.<\/p>\n<p style=\"text-align: center;\"><span style=\"color: #3366ff;\"><a style=\"color: #3366ff;\" href=\"https:\/\/www.futboltotal.com.mx\/2017\/05\/se-oficial-la-salida-miguel-herrera-xolos\/\">VER M\u00c1S: Se hace oficial la salida de Miguel Herrera de Xolos<\/a><\/span><\/p>\n<blockquote class=\"twitter-tweet\" data-width=\"500\">\n<p lang=\"es\" dir=\"ltr\">Querido <a href=\"https:\/\/twitter.com\/JLHB33\">@JLHB33<\/a> ya tenemos la final de ida en <a href=\"https:\/\/twitter.com\/futaztecadep\">@futaztecadep<\/a>, s\u00e9 bueno y danos la de vuelta tambi\u00e9n, no te vas  arrepentir. \u00c1ndale! Abrazo.<\/p>\n<p>&mdash; Luis Garc\u00eda P (@GarciaPosti) <a href=\"https:\/\/twitter.com\/GarciaPosti\/status\/867452943880138753\">May 24, 2017<\/a><\/p><\/blockquote>\n<p><script async src=\"\/\/platform.twitter.com\/widgets.js\" charset=\"utf-8\"><\/script><\/p>\n<p>El CEO de Grupo Omnilife Chivas le invit\u00f3 a comentar en su transmisi\u00f3n de forma gratuita y termin\u00f3 con risas por parte del actual analista.<\/p>\n<p>https:\/\/twitter.com\/JLHB33\/status\/867453442238894080<\/p>\n","protected":false},"excerpt":{"rendered":"<p>El Dr. Garc\u00eda tambi\u00e9n quiere estar en la Final de vuelta.<\/p>\n","protected":false},"author":20,"featured_media":472810,"comment_status":"closed","ping_status":"closed","sticky":false,"template":"","format":"standard","meta":[],"categories":[5419,2198,3845],"tags":[70,7732,5973],"_links":{"self":[{"href":"http:\/\/desarrollo.grupomedios.com\/futbol\/wp-json\/wp\/v2\/posts\/480511"}],"collection":[{"href":"http:\/\/desarrollo.grupomedios.com\/futbol\/wp-json\/wp\/v2\/posts"}],"about":[{"href":"http:\/\/desarrollo.grupomedios.com\/futbol\/wp-json\/wp\/v2\/types\/post"}],"author":[{"embeddable":true,"href":"http:\/\/desarrollo.grupomedios.com\/futbol\/wp-json\/wp\/v2\/users\/20"}],"replies":[{"embeddable":true,"href":"http:\/\/desarrollo.grupomedios.com\/futbol\/wp-json\/wp\/v2\/comments?post=480511"}],"version-history":[{"count":1,"href":"http:\/\/desarrollo.grupomedios.com\/futbol\/wp-json\/wp\/v2\/posts\/480511\/revisions"}],"predecessor-version":[{"id":480518,"href":"http:\/\/desarrollo.grupomedios.com\/futbol\/wp-json\/wp\/v2\/posts\/480511\/revisions\/480518"}],"wp:featuredmedia":[{"embeddable":true,"href":"http:\/\/desarrollo.grupomedios.com\/futbol\/wp-json\/wp\/v2\/media\/472810"}],"wp:attachment":[{"href":"http:\/\/desarrollo.grupomedios.com\/futbol\/wp-json\/wp\/v2\/media?parent=480511"}],"wp:term":[{"taxonomy":"category","embeddable":true,"href":"http:\/\/desarrollo.grupomedios.com\/futbol\/wp-json\/wp\/v2\/categories?post=480511"},{"taxonomy":"post_tag","embeddable":true,"href":"http:\/\/desarrollo.grupomedios.com\/futbol\/wp-json\/wp\/v2\/tags?post=480511"}],"curies":[{"name":"wp","href":"https:\/\/api.w.org\/{rel}","templated":true}]}}