{"id":480564,"date":"2017-05-24T19:22:01","date_gmt":"2017-05-25T00:22:01","guid":{"rendered":"https:\/\/www.futboltotal.com.mx\/?p=480564"},"modified":"2017-05-24T21:16:46","modified_gmt":"2017-05-25T02:16:46","slug":"rodolfo-cota-reemplazara-a-jesus-corona-en-el-tri","status":"publish","type":"post","link":"http:\/\/desarrollo.grupomedios.com\/futbol\/destacado-home\/rodolfo-cota-reemplazara-a-jesus-corona-en-el-tri\/2017\/05","title":{"rendered":"\u00a1Rodolfo Cota reemplazar\u00e1 a Jes\u00fas Corona en el Tri!"},"content":{"rendered":"<p>El portero de Chivas, <strong>Rodolfo Cota<\/strong>, aparentemente es el elegido para tomar el lugar de Jes\u00fas Corona en la <strong>Selecci\u00f3n Mexicana<\/strong>, tras la baja que caus\u00f3 el cancerbero de Cruz Azul, por la lesi\u00f3n que sufri\u00f3 en su rodilla.<\/p>\n<p>De acuerdo a la cadena <em>ESPN<\/em>, el cuerpo t\u00e9cnico de Juan Carlos Osorio tom\u00f3 la decisi\u00f3n de elegir a <strong>Rodolfo Cota<\/strong>, para reemplazar a Jes\u00fas Corona en la <strong>Selecci\u00f3n Mexicana<\/strong>, de cara a los encuentros amistosos del <em>tricolor<\/em> en Estados Unidos, previo a la Copa Confederaciones y Copa Oro.<\/p>\n<p style=\"text-align: center;\"><span style=\"color: #3366ff;\"><a style=\"color: #3366ff;\" href=\"https:\/\/www.futboltotal.com.mx\/2017\/05\/hirving-lozano-le-niega-informacion-a-enrique-pena-nieto\/\" target=\"_blank\" rel=\"noopener noreferrer\"><strong>VER M\u00c1S: Hirving Lozano se niega a dar informaci\u00f3n a EPN<\/strong><\/a><\/span><\/p>\n<p><strong>Rodolfo Cota<\/strong> se incorporar\u00eda a la concentraci\u00f3n de la <span style=\"color: #ff0000;\"><a style=\"color: #ff0000;\" href=\"http:\/\/www.futboltotal.com.mx\/futbol-mexicano\/seleccion-mexicana\/\" target=\"_blank\" rel=\"noopener noreferrer\">Selecci\u00f3n Mexicana<\/a><\/span> despu\u00e9s de la Final del Clausura 2017, junto con los otros convocados que tambi\u00e9n disputar\u00e1n la serie por el t\u00edtulo de la Liga MX, como Javier Aquino y Orbel\u00edn Pineda, de Tigres y Chivas, respectivamente.<\/p>\n<p style=\"text-align: center;\"><span style=\"color: #3366ff;\"><a style=\"color: #3366ff;\" href=\"https:\/\/www.futboltotal.com.mx\/2017\/05\/hugo-sanchez-revela-la-razon-la-salio-pumas\/\" target=\"_blank\" rel=\"noopener noreferrer\"><strong>VER M\u00c1S: Hugo S\u00e1nchez revela la raz\u00f3n por la que sali\u00f3 de Pumas<\/strong><\/a><\/span><\/p>\n<p style=\"text-align: center;\"><a href=\"https:\/\/www.futboltotal.com.mx\/wp-content\/uploads\/2017\/05\/cota-al-tri-espn.jpg\"><img decoding=\"async\" loading=\"lazy\" class=\"alignnone size-full wp-image-480568\" src=\"https:\/\/www.futboltotal.com.mx\/wp-content\/uploads\/2017\/05\/cota-al-tri-espn.jpg\" alt=\"\u00a1Rodolfo Cota reemplazar\u00e1 a Jes\u00fas Corona en el Tri! 0\" srcset=\"http:\/\/desarrollo.grupomedios.com\/futbol\/wp-content\/uploads\/2017\/05\/cota-al-tri-espn.jpg 1136w, http:\/\/desarrollo.grupomedios.com\/futbol\/wp-content\/uploads\/2017\/05\/cota-al-tri-espn-300x169.jpg 300w, http:\/\/desarrollo.grupomedios.com\/futbol\/wp-content\/uploads\/2017\/05\/cota-al-tri-espn-768x432.jpg 768w, http:\/\/desarrollo.grupomedios.com\/futbol\/wp-content\/uploads\/2017\/05\/cota-al-tri-espn-1024x576.jpg 1024w, http:\/\/desarrollo.grupomedios.com\/futbol\/wp-content\/uploads\/2017\/05\/cota-al-tri-espn-317x178.jpg 317w, http:\/\/desarrollo.grupomedios.com\/futbol\/wp-content\/uploads\/2017\/05\/cota-al-tri-espn-535x301.jpg 535w, http:\/\/desarrollo.grupomedios.com\/futbol\/wp-content\/uploads\/2017\/05\/cota-al-tri-espn-374x210.jpg 374w\" sizes=\"(max-width: 1136px) 100vw, 1136px\" \/><\/a><\/p>\n<p style=\"text-align: center;\"><span style=\"color: #3366ff;\"><a style=\"color: #3366ff;\" href=\"https:\/\/www.futboltotal.com.mx\/2017\/05\/necaxa-protagonista-de-nueva-serie-de-netflix\/\" target=\"_blank\" rel=\"noopener noreferrer\"><strong>VER M\u00c1S: Netflix estrena serie de Necaxa<\/strong><\/a><\/span><\/p>\n<p>S\u00edguenos en Twitter: <a href=\"https:\/\/twitter.com\/MXFutbolTotal\" target=\"_blank\" rel=\"noopener noreferrer\">@MXFutbolTotal<\/a><\/p>\n","protected":false},"excerpt":{"rendered":"<p>El cancerbero del Reba\u00f1o Sagrado apunta como la mejor opci\u00f3n para sustituir la baja.<\/p>\n","protected":false},"author":20,"featured_media":480566,"comment_status":"closed","ping_status":"closed","sticky":false,"template":"","format":"standard","meta":[],"categories":[5,2198,3845,3847],"tags":[70,142,6920,5973],"_links":{"self":[{"href":"http:\/\/desarrollo.grupomedios.com\/futbol\/wp-json\/wp\/v2\/posts\/480564"}],"collection":[{"href":"http:\/\/desarrollo.grupomedios.com\/futbol\/wp-json\/wp\/v2\/posts"}],"about":[{"href":"http:\/\/desarrollo.grupomedios.com\/futbol\/wp-json\/wp\/v2\/types\/post"}],"author":[{"embeddable":true,"href":"http:\/\/desarrollo.grupomedios.com\/futbol\/wp-json\/wp\/v2\/users\/20"}],"replies":[{"embeddable":true,"href":"http:\/\/desarrollo.grupomedios.com\/futbol\/wp-json\/wp\/v2\/comments?post=480564"}],"version-history":[{"count":3,"href":"http:\/\/desarrollo.grupomedios.com\/futbol\/wp-json\/wp\/v2\/posts\/480564\/revisions"}],"predecessor-version":[{"id":480567,"href":"http:\/\/desarrollo.grupomedios.com\/futbol\/wp-json\/wp\/v2\/posts\/480564\/revisions\/480567"}],"wp:featuredmedia":[{"embeddable":true,"href":"http:\/\/desarrollo.grupomedios.com\/futbol\/wp-json\/wp\/v2\/media\/480566"}],"wp:attachment":[{"href":"http:\/\/desarrollo.grupomedios.com\/futbol\/wp-json\/wp\/v2\/media?parent=480564"}],"wp:term":[{"taxonomy":"category","embeddable":true,"href":"http:\/\/desarrollo.grupomedios.com\/futbol\/wp-json\/wp\/v2\/categories?post=480564"},{"taxonomy":"post_tag","embeddable":true,"href":"http:\/\/desarrollo.grupomedios.com\/futbol\/wp-json\/wp\/v2\/tags?post=480564"}],"curies":[{"name":"wp","href":"https:\/\/api.w.org\/{rel}","templated":true}]}}