{"id":480583,"date":"2017-05-25T09:33:16","date_gmt":"2017-05-25T14:33:16","guid":{"rendered":"https:\/\/www.futboltotal.com.mx\/?p=480583"},"modified":"2017-05-25T09:34:56","modified_gmt":"2017-05-25T14:34:56","slug":"gullit-pena-podria-jugar-en-europa","status":"publish","type":"post","link":"http:\/\/desarrollo.grupomedios.com\/futbol\/destacado-home\/gullit-pena-podria-jugar-en-europa\/2017\/05","title":{"rendered":"\u00a1Gullit Pe\u00f1a podr\u00eda jugar en Europa!"},"content":{"rendered":"<p>Despu\u00e9s de haber jugado seis meses a pr\u00e9stamo con el <b>Le\u00f3n<\/b>, el mediocampista <b>Carlos <i>Gullit<\/i> Pe\u00f1a<\/b> podr\u00eda dejar la <b>Liga MX <\/b>para ir al futbol europeo. En Escocia despierta el inter\u00e9s del <b>Rangers<\/b>, que actualmente dirige el portugu\u00e9s Pedro Caixinha.<\/p>\n<p>De acuerdo con <em>ESPN<\/em>, el conjunto escoc\u00e9s est\u00e1 en pl\u00e1ticas para buscar la incorporaci\u00f3n del mediocampista, cuya carta pertenece a Chivas y a quien le restan seis meses a pr\u00e9stamo con el Le\u00f3n. Sin embargo por ahora\u00a0no hay demasiados detalles de la negociaci\u00f3n y no se conoce que tan avanzada est\u00e1.<\/p>\n<p style=\"text-align: center;\"><span style=\"color: #3366ff;\"><a style=\"color: #3366ff;\" href=\"https:\/\/www.futboltotal.com.mx\/2017\/05\/futbol-estufa-rumores-y-fichajes-rumbo-al-apertura-2017-la-liga-mx\/\">VER M\u00c1S: Futbol de Estufa | Apertura 2017<\/a><\/span><\/p>\n<p style=\"text-align: left;\">Tres meses antes de su llegada a los<strong> Rangers<\/strong>, <strong>Caixinha<\/strong> contacto con Chivas para saber cu\u00e1l era la situaci\u00f3n contractual del <em>Gullit<\/em>. Seg\u00fan la fuente no hubo nada en concreto y fue un sondeo de rutina. Ahora la negociaci\u00f3n para ficharlo est\u00e1 en marcha y, aunque no hay nada oficial, otros medios especulan que hay un &#8220;acuerdo inminente&#8221; y el mexicano jugar\u00e1 en Europa para la pr\u00f3xima temporada.<\/p>\n<p style=\"text-align: left;\">Lo cierto es que <strong>Caixinha<\/strong> dej\u00f3 claro hace algunas semanas que busca reforzar la zona media y ofensiva de los Rangers y en la Liga MX busca varios jugadores. Adem\u00e1s de Pe\u00f1a <span style=\"color: #3366ff;\"><a style=\"color: #3366ff;\" href=\"https:\/\/www.futboltotal.com.mx\/2017\/05\/caixinha-quiere-tres-jugadores-la-liga-mx-rangers\/\">tiene la mira puesta en Jos\u00e9 Abella, Carlos Izquierdoz, a quienes dirigi\u00f3 en Santos y al delantero peruano Ra\u00fal Ruid\u00edaz.<\/a><\/span><\/p>\n<p style=\"text-align: center;\">\n","protected":false},"excerpt":{"rendered":"<p>El mediocampista del Le\u00f3n interesa al Rangers de Pedro Caixinha.<\/p>\n","protected":false},"author":20,"featured_media":480591,"comment_status":"closed","ping_status":"closed","sticky":false,"template":"","format":"standard","meta":[],"categories":[5,2198,3845],"tags":[1754],"_links":{"self":[{"href":"http:\/\/desarrollo.grupomedios.com\/futbol\/wp-json\/wp\/v2\/posts\/480583"}],"collection":[{"href":"http:\/\/desarrollo.grupomedios.com\/futbol\/wp-json\/wp\/v2\/posts"}],"about":[{"href":"http:\/\/desarrollo.grupomedios.com\/futbol\/wp-json\/wp\/v2\/types\/post"}],"author":[{"embeddable":true,"href":"http:\/\/desarrollo.grupomedios.com\/futbol\/wp-json\/wp\/v2\/users\/20"}],"replies":[{"embeddable":true,"href":"http:\/\/desarrollo.grupomedios.com\/futbol\/wp-json\/wp\/v2\/comments?post=480583"}],"version-history":[{"count":5,"href":"http:\/\/desarrollo.grupomedios.com\/futbol\/wp-json\/wp\/v2\/posts\/480583\/revisions"}],"predecessor-version":[{"id":480594,"href":"http:\/\/desarrollo.grupomedios.com\/futbol\/wp-json\/wp\/v2\/posts\/480583\/revisions\/480594"}],"wp:featuredmedia":[{"embeddable":true,"href":"http:\/\/desarrollo.grupomedios.com\/futbol\/wp-json\/wp\/v2\/media\/480591"}],"wp:attachment":[{"href":"http:\/\/desarrollo.grupomedios.com\/futbol\/wp-json\/wp\/v2\/media?parent=480583"}],"wp:term":[{"taxonomy":"category","embeddable":true,"href":"http:\/\/desarrollo.grupomedios.com\/futbol\/wp-json\/wp\/v2\/categories?post=480583"},{"taxonomy":"post_tag","embeddable":true,"href":"http:\/\/desarrollo.grupomedios.com\/futbol\/wp-json\/wp\/v2\/tags?post=480583"}],"curies":[{"name":"wp","href":"https:\/\/api.w.org\/{rel}","templated":true}]}}