{"id":480601,"date":"2017-05-25T10:17:45","date_gmt":"2017-05-25T15:17:45","guid":{"rendered":"https:\/\/www.futboltotal.com.mx\/?p=480601"},"modified":"2017-05-25T10:17:45","modified_gmt":"2017-05-25T15:17:45","slug":"totti-anuncia-jugara-ultimo-partido-con-roma","status":"publish","type":"post","link":"http:\/\/desarrollo.grupomedios.com\/futbol\/futbol-internacional\/totti-anuncia-jugara-ultimo-partido-con-roma\/2017\/05","title":{"rendered":"Totti anuncia que jugar\u00e1 el domingo su \u00faltimo partido con la Roma"},"content":{"rendered":"<p class=\"DETALLE_N_titulo \"><span id=\"ctl14_lblMostra\">El hist\u00f3rico capit\u00e1n de la\u00a0<strong>Roma<\/strong>, <strong>Francesco Totti<\/strong>, anunci\u00f3 que jugar\u00e1 el pr\u00f3ximo domingo contra el <strong>G\u00e9nova<\/strong> en la <strong>Serie A<\/strong> italiana (Primera Divisi\u00f3n) el \u00faltimo partido de su carrera con el equipo capitalino.<\/span><\/p>\n<p>Tras 25 temporadas y 307 goles marcados con la Roma, Totti inform\u00f3 de que <strong>no seguir\u00e1 vistiendo la camiseta del equipo de su vida<\/strong>, aunque a\u00fan no confirm\u00f3 si esto supondr\u00e1 su retirada definitiva del mundo del f\u00fatbol, a trav\u00e9s de un mensaje en su cuenta de Facebook.<\/p>\n<p style=\"text-align: center;\"><a href=\"https:\/\/www.futboltotal.com.mx\/2017\/05\/gullit-pena-podria-jugar-en-europa\/\" target=\"_blank\" rel=\"noopener noreferrer\"><span style=\"color: #333399;\">VER M\u00c1S: \u00a1El Gullit Pe\u00f1a podr\u00eda jugar en Europa!<\/span><\/a><\/p>\n<p>&#8220;Roma-G\u00e9nova, domingo 28 de mayo 2017, la \u00faltima vez que podr\u00e9 vestir la camiseta de la Roma. Es imposible expresar en pocas palabras lo que estos colores representaron, representan y representar\u00e1n para m\u00ed. Siempre&#8221;, escribi\u00f3 Totti.<\/p>\n<p>&nbsp;<\/p>\n<div class=\"fb-post\" data-href=\"https:\/\/www.facebook.com\/FrancescoTottiOfficial\/posts\/852311354921903:0\" data-data-show-text=\"true\">\n<blockquote class=\"fb-xfbml-parse-ignore\" cite=\"https:\/\/www.facebook.com\/FrancescoTottiOfficial\/posts\/852311354921903:0\"><p>Roma-Genoa, Sunday 28th May 2017, the last time I can wear Roma\u2019s jersey.<br \/>\nI can\u2019t tell you in a few words how much&#8230;<\/p>\n<p>Posted by <a href=\"https:\/\/www.facebook.com\/FrancescoTottiOfficial\/\">Francesco Totti<\/a> on\u00a0<a href=\"https:\/\/www.facebook.com\/FrancescoTottiOfficial\/posts\/852311354921903:0\">jueves, 25 de mayo de 2017<\/a><\/p><\/blockquote>\n<\/div>\n<p>El capit\u00e1n de los romanos se pronunci\u00f3 por primera vez, tras varios meses de especulaciones en los que los expertos se interrogaban sobre su eventual separaci\u00f3n de la Roma.<\/p>\n<p>&#8220;Siento s\u00f3lo que mi amor por el f\u00fatbol no termina: es una pasi\u00f3n, mi pasi\u00f3n. Es tan profunda que no puedo pensar en parar de alimentarla. Nunca&#8221;, public\u00f3, sin dejar claros sus planes para el futuro.<\/p>\n<p>&#8220;De lunes estar\u00e9 listo para empezar de nuevo. Estoy listo para un nuevo reto&#8221;, agreg\u00f3.<\/p>\n<p style=\"text-align: center;\"><a href=\"https:\/\/www.futboltotal.com.mx\/2017\/05\/cristiano-podria-estar-en-problemas-delito-fiscal\/\" target=\"_blank\" rel=\"noopener noreferrer\"><span style=\"color: #333399;\">VER M\u00c1S: Cristiano podr\u00eda estar en problemas por delito fiscal<\/span><\/a><\/p>\n<p>\u00a0<iframe loading=\"lazy\" src=\"https:\/\/www.youtube.com\/embed\/krwHKzrIZCs\" frameborder=\"0\" allowfullscreen=\"allowfullscreen\"><\/iframe><\/p>\n<p>El contrato del capit\u00e1n de la Roma expira en junio y tiene previsto una renovaci\u00f3n autom\u00e1tica para que sea un directivo del conjunto <em>giallorosso<\/em> en los pr\u00f3ximos seis a\u00f1os, pero las declaraciones de mantienen abiertas las dudas.<\/p>\n<p>Sin embargo, Totti jugar\u00e1 contra G\u00e9nova en el estadio Ol\u00edmpico su \u00faltimo partido con la camiseta de la Roma y su afici\u00f3n est\u00e1 preparando una gran despedida para homenajear a una aut\u00e9ntica leyenda.<\/p>\n<p>A falta de cuatro d\u00edas para el encuentro quedan unos pocas entradas en tribuna mientras que todos los dem\u00e1s sectores del estadio estar\u00e1n completamente llenos.<\/p>\n<p style=\"text-align: center;\"><a href=\"https:\/\/www.futboltotal.com.mx\/2017\/05\/chivas-se-impone-en-clasico-la-final-sub-20\/\" target=\"_blank\" rel=\"noopener noreferrer\"><span style=\"color: #333399;\">VER M\u00c1S: Chivas se impone en el Cl\u00e1sico de la Final Sub 20<\/span><\/a><\/p>\n","protected":false},"excerpt":{"rendered":"<p>Totti inform\u00f3 de que no seguir\u00e1 jugando para la Roma, el equipo de su vida.<\/p>\n","protected":false},"author":144,"featured_media":480606,"comment_status":"closed","ping_status":"closed","sticky":false,"template":"","format":"standard","meta":[],"categories":[3839,3848],"tags":[2619,161,2681,320,5958,3472],"_links":{"self":[{"href":"http:\/\/desarrollo.grupomedios.com\/futbol\/wp-json\/wp\/v2\/posts\/480601"}],"collection":[{"href":"http:\/\/desarrollo.grupomedios.com\/futbol\/wp-json\/wp\/v2\/posts"}],"about":[{"href":"http:\/\/desarrollo.grupomedios.com\/futbol\/wp-json\/wp\/v2\/types\/post"}],"author":[{"embeddable":true,"href":"http:\/\/desarrollo.grupomedios.com\/futbol\/wp-json\/wp\/v2\/users\/144"}],"replies":[{"embeddable":true,"href":"http:\/\/desarrollo.grupomedios.com\/futbol\/wp-json\/wp\/v2\/comments?post=480601"}],"version-history":[{"count":1,"href":"http:\/\/desarrollo.grupomedios.com\/futbol\/wp-json\/wp\/v2\/posts\/480601\/revisions"}],"predecessor-version":[{"id":480608,"href":"http:\/\/desarrollo.grupomedios.com\/futbol\/wp-json\/wp\/v2\/posts\/480601\/revisions\/480608"}],"wp:featuredmedia":[{"embeddable":true,"href":"http:\/\/desarrollo.grupomedios.com\/futbol\/wp-json\/wp\/v2\/media\/480606"}],"wp:attachment":[{"href":"http:\/\/desarrollo.grupomedios.com\/futbol\/wp-json\/wp\/v2\/media?parent=480601"}],"wp:term":[{"taxonomy":"category","embeddable":true,"href":"http:\/\/desarrollo.grupomedios.com\/futbol\/wp-json\/wp\/v2\/categories?post=480601"},{"taxonomy":"post_tag","embeddable":true,"href":"http:\/\/desarrollo.grupomedios.com\/futbol\/wp-json\/wp\/v2\/tags?post=480601"}],"curies":[{"name":"wp","href":"https:\/\/api.w.org\/{rel}","templated":true}]}}