{"id":480645,"date":"2017-05-25T11:30:52","date_gmt":"2017-05-25T16:30:52","guid":{"rendered":"https:\/\/www.futboltotal.com.mx\/?p=480645"},"modified":"2017-05-25T12:40:35","modified_gmt":"2017-05-25T17:40:35","slug":"la-final-sonada-alan-pulido-ante-sus-tigres","status":"publish","type":"post","link":"http:\/\/desarrollo.grupomedios.com\/futbol\/videos\/la-final-sonada-alan-pulido-ante-sus-tigres\/2017\/05","title":{"rendered":"La Final so\u00f1ada para Alan Pulido ante &#8216;sus&#8217; Tigres"},"content":{"rendered":"<p><strong>Alan Pulido<\/strong> tendr\u00e1 su propia final. Defendiendo los colores <em>rojiblancos<\/em>, el delantero enfrentar\u00e1 a &#8216;sus&#8217;\u00a0<strong>Tigres<\/strong>, el equipo que siempre recordar\u00e1.<\/p>\n<p>Con los <em>Felinos\u00a0<\/em>se form\u00f3 y so\u00f1\u00f3 en convertirse futbolista profesional. Pas\u00f3 siete a\u00f1os vestido de amarillo en las categor\u00edas menores y despu\u00e9s salt\u00f3 al primer equipo, donde vivi\u00f3 de todo durante cuatro a\u00f1os (201-2014). Su episodio favorito es el gol que anot\u00f3 en la Final del Apertura 2011 y con el que Tigres celebr\u00f3 el t\u00edtulo.<\/p>\n<p>Esta noche el mexicano regresa al Estadio Universitario, donde anot\u00f3 su primer gol, para jugar su primera final de liga con Chivas. <strong>Pulido<\/strong> tiene la ilusi\u00f3n de ser campe\u00f3n y anhela volver vivir aquella noche m\u00e1gica, aunque esta vez no sea para para alegrar a los regios sino a los miles de aficionados <em>rojiblancos<\/em>.<\/p>\n<p>Veremos si esta noche o el domingo, en el desenlace de la serie, <strong>Pulido<\/strong> escribe una gran historia y es el h\u00e9roe que da a Chivas la 12\u00aa estrella.<\/p>\n<p style=\"text-align: center;\"><span style=\"color: #3366ff;\"><a style=\"color: #3366ff;\" href=\"https:\/\/www.futboltotal.com.mx\/2017\/05\/las-finales-del-tuca-ferretti\/\" target=\"_blank\" rel=\"noopener noreferrer\">VER M\u00c1S: Las Finales del Tuca Ferretti<\/a><\/span><\/p>\n<p>[video_player]https:\/\/player.vimeo.com\/external\/218974062.hd.mp4?s=b3d2034c1eb283686c3c1874eafcde88d84a3bbd&amp;profile_id=174[\/video_player]<\/p>\n","protected":false},"excerpt":{"rendered":"<p>El delantero anhela arrebatarle el t\u00edtulo de liga a su exequipo, en el que se form\u00f3 y con el que fue campe\u00f3n. <\/p>\n","protected":false},"author":20,"featured_media":480649,"comment_status":"closed","ping_status":"closed","sticky":false,"template":"","format":"standard","meta":[],"categories":[5,2198,3845,4],"tags":[1607,70,7732],"_links":{"self":[{"href":"http:\/\/desarrollo.grupomedios.com\/futbol\/wp-json\/wp\/v2\/posts\/480645"}],"collection":[{"href":"http:\/\/desarrollo.grupomedios.com\/futbol\/wp-json\/wp\/v2\/posts"}],"about":[{"href":"http:\/\/desarrollo.grupomedios.com\/futbol\/wp-json\/wp\/v2\/types\/post"}],"author":[{"embeddable":true,"href":"http:\/\/desarrollo.grupomedios.com\/futbol\/wp-json\/wp\/v2\/users\/20"}],"replies":[{"embeddable":true,"href":"http:\/\/desarrollo.grupomedios.com\/futbol\/wp-json\/wp\/v2\/comments?post=480645"}],"version-history":[{"count":1,"href":"http:\/\/desarrollo.grupomedios.com\/futbol\/wp-json\/wp\/v2\/posts\/480645\/revisions"}],"predecessor-version":[{"id":480655,"href":"http:\/\/desarrollo.grupomedios.com\/futbol\/wp-json\/wp\/v2\/posts\/480645\/revisions\/480655"}],"wp:featuredmedia":[{"embeddable":true,"href":"http:\/\/desarrollo.grupomedios.com\/futbol\/wp-json\/wp\/v2\/media\/480649"}],"wp:attachment":[{"href":"http:\/\/desarrollo.grupomedios.com\/futbol\/wp-json\/wp\/v2\/media?parent=480645"}],"wp:term":[{"taxonomy":"category","embeddable":true,"href":"http:\/\/desarrollo.grupomedios.com\/futbol\/wp-json\/wp\/v2\/categories?post=480645"},{"taxonomy":"post_tag","embeddable":true,"href":"http:\/\/desarrollo.grupomedios.com\/futbol\/wp-json\/wp\/v2\/tags?post=480645"}],"curies":[{"name":"wp","href":"https:\/\/api.w.org\/{rel}","templated":true}]}}