{"id":480651,"date":"2017-05-25T12:41:29","date_gmt":"2017-05-25T17:41:29","guid":{"rendered":"https:\/\/www.futboltotal.com.mx\/?p=480651"},"modified":"2017-05-25T12:41:29","modified_gmt":"2017-05-25T17:41:29","slug":"graban-a-jugador-del-manchester-city-en-pelea-callejera","status":"publish","type":"post","link":"http:\/\/desarrollo.grupomedios.com\/futbol\/futbol-internacional\/graban-a-jugador-del-manchester-city-en-pelea-callejera\/2017\/05","title":{"rendered":"Graban a jugador del Manchester City en pelea callejera"},"content":{"rendered":"<p>La pol\u00e9mica ha envuelto a un futbolista del <strong>Manchester City<\/strong> de la <strong>Premier League<\/strong> inglesa. Se trata del defensa <strong>Jason Denayer<\/strong>, quien aparece en un video involucrado en una <strong>pelea callejera<\/strong> en las afueras de un bar en <strong>Bruselas<\/strong>.<\/p>\n<p>En el breve video se nota que el jugador de origen belga, quien aparece vestido con camisa y pantal\u00f3n negros, <strong>patea en la cabeza<\/strong> a un tipo\u00a0que ya se encuentra tirado en el piso y sometido por otro sujeto, mientras otros hombres llegan a golpear y tirar patadas a los principales protagonistas de la pelea.<\/p>\n<p>De acuerdo a palabras del representante de <strong>Denayer<\/strong>, el futbolista simplemente actu\u00f3 buscando defender a un amigo: &#8220;Lo que no ves en los v\u00eddeos es que la persona que recibe las patadas golpeaba \u2018a muerte\u2019 al amigo de Jason&#8221;.<\/p>\n<p style=\"text-align: center;\"><a href=\"https:\/\/www.futboltotal.com.mx\/2017\/05\/hirving-lozano-tendria-acuerdo-celta\/\" target=\"_blank\" rel=\"noopener noreferrer\"><span style=\"color: #333399;\">VER M\u00c1S: Pachuca ya habr\u00eda acordado el traspaso del Chucky Lozano<\/span><\/a><\/p>\n<p>\u00a0<iframe loading=\"lazy\" src=\"https:\/\/www.youtube.com\/embed\/nOt72bJ_f7w\" frameborder=\"0\" allowfullscreen=\"allowfullscreen\"><\/iframe><\/p>\n<p>El mismo futbolista habl\u00f3 tras el incidente: &#8220;Estaba yendo hacia mi coche cuando o\u00ed a un amigo gritando, vi que estaba en peligro y tuve que intervenir. Respond\u00ed por instinto, mi \u00fanico prop\u00f3sito era proteger a mi amigo&#8221;.<\/p>\n<p>Denayer lleg\u00f3 al Manchester City en 213 pero no ha jugado con el primer equipo y ya suma tres etapas cedido a otros clubes: Celtic, Galatasaray y Sunderland.<\/p>\n<p style=\"text-align: center;\"><a href=\"https:\/\/www.futboltotal.com.mx\/2017\/05\/gullit-pena-podria-jugar-en-europa\/\" target=\"_blank\" rel=\"noopener noreferrer\"><span style=\"color: #333399;\">VER M\u00c1S: \u00a1El Gullit Pe\u00f1a estar\u00eda a punto de jugar en el futbol de Europa!<\/span><\/a><\/p>\n","protected":false},"excerpt":{"rendered":"<p>Jason Denayer del Manchester City se vio involucrado en una pelea callejera.<\/p>\n","protected":false},"author":20,"featured_media":480654,"comment_status":"closed","ping_status":"closed","sticky":false,"template":"","format":"standard","meta":[],"categories":[5419,3839,3846],"tags":[599,6921,5993],"_links":{"self":[{"href":"http:\/\/desarrollo.grupomedios.com\/futbol\/wp-json\/wp\/v2\/posts\/480651"}],"collection":[{"href":"http:\/\/desarrollo.grupomedios.com\/futbol\/wp-json\/wp\/v2\/posts"}],"about":[{"href":"http:\/\/desarrollo.grupomedios.com\/futbol\/wp-json\/wp\/v2\/types\/post"}],"author":[{"embeddable":true,"href":"http:\/\/desarrollo.grupomedios.com\/futbol\/wp-json\/wp\/v2\/users\/20"}],"replies":[{"embeddable":true,"href":"http:\/\/desarrollo.grupomedios.com\/futbol\/wp-json\/wp\/v2\/comments?post=480651"}],"version-history":[{"count":1,"href":"http:\/\/desarrollo.grupomedios.com\/futbol\/wp-json\/wp\/v2\/posts\/480651\/revisions"}],"predecessor-version":[{"id":480656,"href":"http:\/\/desarrollo.grupomedios.com\/futbol\/wp-json\/wp\/v2\/posts\/480651\/revisions\/480656"}],"wp:featuredmedia":[{"embeddable":true,"href":"http:\/\/desarrollo.grupomedios.com\/futbol\/wp-json\/wp\/v2\/media\/480654"}],"wp:attachment":[{"href":"http:\/\/desarrollo.grupomedios.com\/futbol\/wp-json\/wp\/v2\/media?parent=480651"}],"wp:term":[{"taxonomy":"category","embeddable":true,"href":"http:\/\/desarrollo.grupomedios.com\/futbol\/wp-json\/wp\/v2\/categories?post=480651"},{"taxonomy":"post_tag","embeddable":true,"href":"http:\/\/desarrollo.grupomedios.com\/futbol\/wp-json\/wp\/v2\/tags?post=480651"}],"curies":[{"name":"wp","href":"https:\/\/api.w.org\/{rel}","templated":true}]}}