{"id":480658,"date":"2017-05-25T13:04:27","date_gmt":"2017-05-25T18:04:27","guid":{"rendered":"https:\/\/www.futboltotal.com.mx\/?p=480658"},"modified":"2017-05-25T13:04:27","modified_gmt":"2017-05-25T18:04:27","slug":"alvaro-morata-habria-aceptado-millonaria-oferta-del-milan","status":"publish","type":"post","link":"http:\/\/desarrollo.grupomedios.com\/futbol\/futbol-internacional\/alvaro-morata-habria-aceptado-millonaria-oferta-del-milan\/2017\/05","title":{"rendered":"\u00c1lvaro Morata habr\u00eda aceptado millonaria oferta del Milan"},"content":{"rendered":"<p>El delantero espa\u00f1ol del Real Madrid <strong>\u00c1lvaro Morata<\/strong> acept\u00f3 un contrato de 7.5 millones de euros por temporada que le propuso recientemente el <strong>Mil\u00e1n<\/strong>, seg\u00fan adelanta hoy el diario italiano <em>La Gazzetta dello Sport<\/em>\u00a0en su portada.<\/p>\n<p>El director deportivo del <strong>Mil\u00e1n<\/strong>, Massimiliano Mirabelli, viaj\u00f3 en los \u00faltimos d\u00edas a Espa\u00f1a y convenci\u00f3 a Morata para ser el delantero titular del club milan\u00e9s en la pr\u00f3xima temporada, a la espera de llegar a un acuerdo con el <strong>Real Madrid<\/strong>, asegura el medio citado.<\/p>\n<p style=\"text-align: center;\"><span style=\"color: #3366ff;\"><a style=\"color: #3366ff;\" href=\"https:\/\/www.futboltotal.com.mx\/2017\/05\/gullit-pena-podria-jugar-en-europa\/\">VER M\u00c1S: \u00a1Gullit Pe\u00f1a podr\u00eda jugar en Europa!<\/a><\/span><\/p>\n<p>Tras conseguir el visto bueno de <strong>Morata<\/strong>, el <strong>Mil\u00e1n<\/strong> se prepara para abrir las negociaciones con el club blanco y est\u00e1 dispuesto a llegar hasta una oferta de 60 millones de euros para hacerse con el internacional espa\u00f1ol.<\/p>\n<p>El club milan\u00e9s planea vender al colombiano Carlos Bacca, que perdi\u00f3 la confianza del t\u00e9cnico Vincenzo Montella, y est\u00e1 dispuesto a gastar una gran cantidad de dinero para hacerse con un delantero que ya conoce la liga italiana, al haber estado dos a\u00f1os en el Juventus.<\/p>\n<p>El diario italiano alega en sus p\u00e1ginas internas que <strong>Morata<\/strong> lleg\u00f3 a la decisi\u00f3n de dejar al <strong>Real Madrid<\/strong> tras su poco protagonismo y que prefiere disputar la Liga Europa con el Milan a otra temporada como sustituto en el equipo que entrena el franc\u00e9s Zinedine Zidane.<\/p>\n<p><strong>Morata<\/strong> disput\u00f3 26 partidos este a\u00f1o en la Liga espa\u00f1ola y marc\u00f3 15 goles, aunque s\u00f3lo estuvo en el campo durante 1331 minutos, ya que en la mayor\u00eda de los casos sali\u00f3 desde el banquillo. EFE<\/p>\n<p style=\"text-align: center;\"><span style=\"color: #3366ff;\"><a style=\"color: #3366ff;\" href=\"https:\/\/www.futboltotal.com.mx\/2017\/05\/cruz-azul-leon-intercambiarian-a-sus-figuras\/\">VER M\u00c1S: Cruz Azul y Le\u00f3n intercambiar\u00edan a sus figuras<\/a><\/span><\/p>\n","protected":false},"excerpt":{"rendered":"<p>El espa\u00f1ol se habr\u00eda cansado de ser suplente en el Madrid.<\/p>\n","protected":false},"author":144,"featured_media":480659,"comment_status":"closed","ping_status":"closed","sticky":false,"template":"","format":"standard","meta":[],"categories":[7740,3839],"tags":[3001,640,5988],"_links":{"self":[{"href":"http:\/\/desarrollo.grupomedios.com\/futbol\/wp-json\/wp\/v2\/posts\/480658"}],"collection":[{"href":"http:\/\/desarrollo.grupomedios.com\/futbol\/wp-json\/wp\/v2\/posts"}],"about":[{"href":"http:\/\/desarrollo.grupomedios.com\/futbol\/wp-json\/wp\/v2\/types\/post"}],"author":[{"embeddable":true,"href":"http:\/\/desarrollo.grupomedios.com\/futbol\/wp-json\/wp\/v2\/users\/144"}],"replies":[{"embeddable":true,"href":"http:\/\/desarrollo.grupomedios.com\/futbol\/wp-json\/wp\/v2\/comments?post=480658"}],"version-history":[{"count":1,"href":"http:\/\/desarrollo.grupomedios.com\/futbol\/wp-json\/wp\/v2\/posts\/480658\/revisions"}],"predecessor-version":[{"id":480660,"href":"http:\/\/desarrollo.grupomedios.com\/futbol\/wp-json\/wp\/v2\/posts\/480658\/revisions\/480660"}],"wp:featuredmedia":[{"embeddable":true,"href":"http:\/\/desarrollo.grupomedios.com\/futbol\/wp-json\/wp\/v2\/media\/480659"}],"wp:attachment":[{"href":"http:\/\/desarrollo.grupomedios.com\/futbol\/wp-json\/wp\/v2\/media?parent=480658"}],"wp:term":[{"taxonomy":"category","embeddable":true,"href":"http:\/\/desarrollo.grupomedios.com\/futbol\/wp-json\/wp\/v2\/categories?post=480658"},{"taxonomy":"post_tag","embeddable":true,"href":"http:\/\/desarrollo.grupomedios.com\/futbol\/wp-json\/wp\/v2\/tags?post=480658"}],"curies":[{"name":"wp","href":"https:\/\/api.w.org\/{rel}","templated":true}]}}