{"id":480670,"date":"2017-05-25T15:27:19","date_gmt":"2017-05-25T20:27:19","guid":{"rendered":"https:\/\/www.futboltotal.com.mx\/?p=480670"},"modified":"2017-05-25T15:27:19","modified_gmt":"2017-05-25T20:27:19","slug":"en-escocia-conocen-al-gullit-pena-vida-fiestera","status":"publish","type":"post","link":"http:\/\/desarrollo.grupomedios.com\/futbol\/futbol-mexicano\/en-escocia-conocen-al-gullit-pena-vida-fiestera\/2017\/05","title":{"rendered":"En Escocia conocen al Gullit Pe\u00f1a por su &#8216;vida fiestera&#8217;"},"content":{"rendered":"<p>Los tiempos en los que <strong>Carlos <em>Gullit<\/em> Pe\u00f1a<\/strong> copaba las portadas de los diarios por tener un rendimiento notable y ser uno de los referentes del Le\u00f3n quedaron atr\u00e1s.<\/p>\n<p>El mediocampista de la <em>Fiera<\/em>, cuya carta pertenece a Chivas, no la ha pasado bien desde hace algunos meses, tras haber protagonizado problemas extracancha en su vida personal.<\/p>\n<p>Ahora, cuando figura como uno de los fichajes futuribles del <em>Rangers, <\/em>que dirige el portugu\u00e9s\u00a0Pedro Caixinha, esos incidentes han sido recordados por la prensa del Reino Unido.<\/p>\n<p style=\"text-align: center;\"><span style=\"color: #3366ff;\"><a style=\"color: #3366ff;\" href=\"https:\/\/www.futboltotal.com.mx\/2017\/05\/hirving-lozano-tendria-acuerdo-celta\/\" target=\"_blank\" rel=\"noopener noreferrer\">VER M\u00c1S: Chucky Lozano se va a Europa como traspaso r\u00e9cord<\/a><\/span><\/p>\n<p><a href=\"https:\/\/www.futboltotal.com.mx\/wp-content\/uploads\/2017\/05\/Screen-Shot-2017-05-25-at-2.40.04-PM.png\"><img decoding=\"async\" loading=\"lazy\" class=\"alignnone size-full wp-image-480675\" src=\"https:\/\/www.futboltotal.com.mx\/wp-content\/uploads\/2017\/05\/Screen-Shot-2017-05-25-at-2.40.04-PM.png\" alt=\"En Escocia conocen al Gullit Pe\u00f1a por su &#8216;vida fiestera&#8217; 0\" srcset=\"http:\/\/desarrollo.grupomedios.com\/futbol\/wp-content\/uploads\/2017\/05\/Screen-Shot-2017-05-25-at-2.40.04-PM.png 1437w, http:\/\/desarrollo.grupomedios.com\/futbol\/wp-content\/uploads\/2017\/05\/Screen-Shot-2017-05-25-at-2.40.04-PM-300x73.png 300w, http:\/\/desarrollo.grupomedios.com\/futbol\/wp-content\/uploads\/2017\/05\/Screen-Shot-2017-05-25-at-2.40.04-PM-768x186.png 768w, http:\/\/desarrollo.grupomedios.com\/futbol\/wp-content\/uploads\/2017\/05\/Screen-Shot-2017-05-25-at-2.40.04-PM-1024x248.png 1024w\" sizes=\"(max-width: 1437px) 100vw, 1437px\" \/><\/a><\/p>\n<p>El <em>Daily Record<\/em> elabor\u00f3 un art\u00edculo sobre <strong><em>Gullit<\/em> Pe\u00f1a<\/strong> en el que destaca los turbulentos episodios que ha vivido el mediocampista por tener un &#8220;estilo de vida fiestero&#8221; -que incluso lo llev\u00f3 a recibir ayuda psicol\u00f3gica del club rojiblanco-, as\u00ed como por la demanda que enfrent\u00f3 a principios de a\u00f1o por, presuntamente, tener un hijo con otra mujer que no era su esposa y evadir los gastos de manutenci\u00f3n.<\/p>\n<p>Asimismo, el diario retoma las razones por las que sali\u00f3 de Chivas citando las palabras del propietario del club y del entrenador Mat\u00edas Almeyda, quien entonces asegur\u00f3: &#8220;Es un excelente chico, un excelente jugador, pero obviamente tuvo algunos episodios.\u00a0He visto muchos jugadores como \u00e9l que han terminado mal y no quiero eso con Carlos&#8221;.<\/p>\n<p>Del rendimiento del <strong><em>Gullit<\/em> Pe\u00f1a<\/strong>, el diario habla muy poco: &#8220;Su habilidad futbol\u00edstica parece no estar en duda y ha ganado 19 partidos por M\u00e9xico. Jug\u00f3 en la \u00faltima Copa del Mundo en Brasil&#8221;.<\/p>\n<p>En caso de fichar con el Ranger,<strong><em> Gullit<\/em> Pe\u00f1a<\/strong> tendr\u00e1 que reivindicarse mostrando su calidad y tendr\u00e1 el gran reto de no fallarse a s\u00ed mismo una vez m\u00e1s.<\/p>\n<p>&nbsp;<\/p>\n","protected":false},"excerpt":{"rendered":"<p>El mediocampista fue se\u00f1alado por las pol\u00e9micas extracancha que ha protagonizado.<\/p>\n","protected":false},"author":20,"featured_media":468214,"comment_status":"closed","ping_status":"closed","sticky":false,"template":"","format":"standard","meta":[],"categories":[2198,3845],"tags":[1781,5965],"_links":{"self":[{"href":"http:\/\/desarrollo.grupomedios.com\/futbol\/wp-json\/wp\/v2\/posts\/480670"}],"collection":[{"href":"http:\/\/desarrollo.grupomedios.com\/futbol\/wp-json\/wp\/v2\/posts"}],"about":[{"href":"http:\/\/desarrollo.grupomedios.com\/futbol\/wp-json\/wp\/v2\/types\/post"}],"author":[{"embeddable":true,"href":"http:\/\/desarrollo.grupomedios.com\/futbol\/wp-json\/wp\/v2\/users\/20"}],"replies":[{"embeddable":true,"href":"http:\/\/desarrollo.grupomedios.com\/futbol\/wp-json\/wp\/v2\/comments?post=480670"}],"version-history":[{"count":1,"href":"http:\/\/desarrollo.grupomedios.com\/futbol\/wp-json\/wp\/v2\/posts\/480670\/revisions"}],"predecessor-version":[{"id":480690,"href":"http:\/\/desarrollo.grupomedios.com\/futbol\/wp-json\/wp\/v2\/posts\/480670\/revisions\/480690"}],"wp:featuredmedia":[{"embeddable":true,"href":"http:\/\/desarrollo.grupomedios.com\/futbol\/wp-json\/wp\/v2\/media\/468214"}],"wp:attachment":[{"href":"http:\/\/desarrollo.grupomedios.com\/futbol\/wp-json\/wp\/v2\/media?parent=480670"}],"wp:term":[{"taxonomy":"category","embeddable":true,"href":"http:\/\/desarrollo.grupomedios.com\/futbol\/wp-json\/wp\/v2\/categories?post=480670"},{"taxonomy":"post_tag","embeddable":true,"href":"http:\/\/desarrollo.grupomedios.com\/futbol\/wp-json\/wp\/v2\/tags?post=480670"}],"curies":[{"name":"wp","href":"https:\/\/api.w.org\/{rel}","templated":true}]}}