{"id":480699,"date":"2017-05-25T16:08:08","date_gmt":"2017-05-25T21:08:08","guid":{"rendered":"https:\/\/www.futboltotal.com.mx\/?p=480699"},"modified":"2017-05-25T16:08:08","modified_gmt":"2017-05-25T21:08:08","slug":"higuera-recordo-pasado-americanista-afirmo-ya-pend","status":"publish","type":"post","link":"http:\/\/desarrollo.grupomedios.com\/futbol\/futbol-mexicano\/higuera-recordo-pasado-americanista-afirmo-ya-pend\/2017\/05","title":{"rendered":"Higuera record\u00f3 pasado americanista y afirm\u00f3: &#8220;ya no soy un pend&#8230;&#8221;"},"content":{"rendered":"<p>El CEO de Grupo <strong>Chivas<\/strong>-Omnilife , <strong>Jos\u00e9 Luis Higuera<\/strong>, record\u00f3 su pasado americanista a trav\u00e9s de su cuenta de Twitter y envi\u00f3 un mensaje donde asegura que ya lo dej\u00f3 en el pasado.<\/p>\n<p>Como siempre pol\u00e9mico, Higuera respondi\u00f3 un mensaje en su Twitter cuando un aficionado le cuestion\u00f3 sobre su pasado. Incluso hay fotos donde sale apoyando al <strong>Am\u00e9rica<\/strong> en un partido en el estadio Azteca posiblemente contra el Reba\u00f1o Sagrado.<\/p>\n<p style=\"text-align: center;\"><span style=\"color: #3366ff;\"><a style=\"color: #3366ff;\" href=\"https:\/\/www.futboltotal.com.mx\/2017\/05\/hirving-lozano-tendria-acuerdo-celta\/\">VER M\u00c1S: Pachuca habr\u00eda acordado traspaso del Chucky Lozano<\/a><\/span><\/p>\n<blockquote class=\"twitter-tweet\" data-width=\"500\">\n<p lang=\"es\" dir=\"ltr\">viv\u00eda en el error tan confundido y equivocado, cuando no sabes de futbol cometes errores y muy graves!Lo bueno es ya se me quito lo pend.. <a href=\"https:\/\/t.co\/XArEbe5sed\">https:\/\/t.co\/XArEbe5sed<\/a><\/p>\n<p>&mdash; Jose Luis Higuera B. (@JLHB33) <a href=\"https:\/\/twitter.com\/JLHB33\/status\/867835618491068416\">May 25, 2017<\/a><\/p><\/blockquote>\n<p><script async src=\"\/\/platform.twitter.com\/widgets.js\" charset=\"utf-8\"><\/script><\/p>\n<p>Aqu\u00ed la imagen donde <strong>Higuera<\/strong>, ahora parte de <strong>Chivas<\/strong>, apoyaba a las \u00c1guilas en el estadio Azteca.<\/p>\n<p><a href=\"https:\/\/www.futboltotal.com.mx\/wp-content\/uploads\/2017\/05\/1442337765_843896_1442338134_sumario_normal.jpg\"><img decoding=\"async\" loading=\"lazy\" class=\"alignnone size-full wp-image-480703\" src=\"https:\/\/www.futboltotal.com.mx\/wp-content\/uploads\/2017\/05\/1442337765_843896_1442338134_sumario_normal.jpg\" alt=\"Higuera record\u00f3 pasado americanista y afirm\u00f3: &#8220;ya no soy un pend&#8230;&#8221; 0\" srcset=\"http:\/\/desarrollo.grupomedios.com\/futbol\/wp-content\/uploads\/2017\/05\/1442337765_843896_1442338134_sumario_normal.jpg 259w, http:\/\/desarrollo.grupomedios.com\/futbol\/wp-content\/uploads\/2017\/05\/1442337765_843896_1442338134_sumario_normal-150x150.jpg 150w\" sizes=\"(max-width: 259px) 100vw, 259px\" \/><\/a><\/p>\n","protected":false},"excerpt":{"rendered":"<p>El directivo asegura que ya olvid\u00f3 su pasado americanista.<\/p>\n","protected":false},"author":20,"featured_media":463488,"comment_status":"closed","ping_status":"closed","sticky":false,"template":"","format":"standard","meta":[],"categories":[5419,2198,3845],"tags":[5959,70,7368],"_links":{"self":[{"href":"http:\/\/desarrollo.grupomedios.com\/futbol\/wp-json\/wp\/v2\/posts\/480699"}],"collection":[{"href":"http:\/\/desarrollo.grupomedios.com\/futbol\/wp-json\/wp\/v2\/posts"}],"about":[{"href":"http:\/\/desarrollo.grupomedios.com\/futbol\/wp-json\/wp\/v2\/types\/post"}],"author":[{"embeddable":true,"href":"http:\/\/desarrollo.grupomedios.com\/futbol\/wp-json\/wp\/v2\/users\/20"}],"replies":[{"embeddable":true,"href":"http:\/\/desarrollo.grupomedios.com\/futbol\/wp-json\/wp\/v2\/comments?post=480699"}],"version-history":[{"count":1,"href":"http:\/\/desarrollo.grupomedios.com\/futbol\/wp-json\/wp\/v2\/posts\/480699\/revisions"}],"predecessor-version":[{"id":480706,"href":"http:\/\/desarrollo.grupomedios.com\/futbol\/wp-json\/wp\/v2\/posts\/480699\/revisions\/480706"}],"wp:featuredmedia":[{"embeddable":true,"href":"http:\/\/desarrollo.grupomedios.com\/futbol\/wp-json\/wp\/v2\/media\/463488"}],"wp:attachment":[{"href":"http:\/\/desarrollo.grupomedios.com\/futbol\/wp-json\/wp\/v2\/media?parent=480699"}],"wp:term":[{"taxonomy":"category","embeddable":true,"href":"http:\/\/desarrollo.grupomedios.com\/futbol\/wp-json\/wp\/v2\/categories?post=480699"},{"taxonomy":"post_tag","embeddable":true,"href":"http:\/\/desarrollo.grupomedios.com\/futbol\/wp-json\/wp\/v2\/tags?post=480699"}],"curies":[{"name":"wp","href":"https:\/\/api.w.org\/{rel}","templated":true}]}}