{"id":480822,"date":"2017-05-26T11:41:50","date_gmt":"2017-05-26T16:41:50","guid":{"rendered":"https:\/\/www.futboltotal.com.mx\/?p=480822"},"modified":"2017-05-26T16:45:05","modified_gmt":"2017-05-26T21:45:05","slug":"rodolfo-cota-llamado-al-tri-en-lugar-chuy-corona","status":"publish","type":"post","link":"http:\/\/desarrollo.grupomedios.com\/futbol\/destacado-home\/rodolfo-cota-llamado-al-tri-en-lugar-chuy-corona\/2017\/05","title":{"rendered":"Rodolfo Cota es llamado al Tri en lugar de Chuy Corona"},"content":{"rendered":"<p>Lo que\u00a0ya sonaba desde hace unos d\u00edas ha sido oficializado: el llamado del portero de <strong>Chivas<\/strong>, <strong>Rodolfo Cota<\/strong>, a la <strong>Selecci\u00f3n Mexicana<\/strong> para ocupar el lugar que dej\u00f3 el lesionado <strong>Jos\u00e9 de Jes\u00fas Corona<\/strong>.<\/p>\n<p>La Direcci\u00f3n de Selecciones Nacionales dio a conocer\u00a0que el t\u00e9cnico colombiano <strong>Juan Carlos Osorio<\/strong> convoc\u00f3 a Cota\u00a0al <em><strong>Tri<\/strong><\/em>, quien en los \u00faltimos torneos con el <em>Reba\u00f1o<\/em> ha mostrado un gran nivel de juego, mismo que ha sido clave para los \u00e9xitos recientes del cuadro rojiblanco, actual finalista del Clausura 2017 y campe\u00f3n de Copa MX.<\/p>\n<p style=\"text-align: center;\"><a href=\"https:\/\/www.futboltotal.com.mx\/2017\/05\/alvaro-morales-se-burla-chivas-andaban-machitos\/\" target=\"_blank\" rel=\"noopener noreferrer\"><span style=\"color: #333399;\">VER M\u00c1S: \u00c1lvaro Morales se burla de Chivas: &#8220;Andaban muy machitos&#8221;<\/span><\/a><\/p>\n<p>El guardameta\u00a0reportar\u00e1 con la selecci\u00f3n azteca en la ciudad de Denver, Colorado, despu\u00e9s de que juegue el partido de vuelta de la final de Liga MX en la que <span style=\"color: #333399;\"><a style=\"color: #333399;\" href=\"https:\/\/www.futboltotal.com.mx\/2017\/05\/resultado-liga-mx-tigres-2-2-chivas-2\/\" target=\"_blank\" rel=\"noopener noreferrer\">Chivas y Tigres empataron 2-2 en el juego de ida<\/a><\/span>.<\/p>\n<p style=\"text-align: center;\"><a href=\"https:\/\/www.futboltotal.com.mx\/2017\/05\/los-memes-la-final-ida-chivas-tigres\/\" target=\"_blank\" rel=\"noopener noreferrer\"><span style=\"color: #333399;\">VER M\u00c1S: Los memes de la final de ida entre Chivas y Tigres<\/span><\/a><\/p>\n<p>&nbsp;<\/p>\n<blockquote class=\"twitter-tweet\" data-lang=\"es\">\n<p dir=\"ltr\" lang=\"es\">&#x1f4c4; | NOTA | \u00a1<a href=\"https:\/\/twitter.com\/RodolfoCota_\">@RodolfoCota_<\/a> ha sido convocado!<\/p>\n<p>Detalles: <a href=\"https:\/\/t.co\/V80pYZjOu0\">https:\/\/t.co\/V80pYZjOu0<\/a> <a href=\"https:\/\/t.co\/39P2tcKF6t\">pic.twitter.com\/39P2tcKF6t<\/a><\/p>\n<p>\u2014 Selecci\u00f3n Nacional (@miseleccionmx) <a href=\"https:\/\/twitter.com\/miseleccionmx\/status\/868139721368666112\">26 de mayo de 2017<\/a><\/p><\/blockquote>\n<p><script async src=\"\/\/platform.twitter.com\/widgets.js\" charset=\"utf-8\"><\/script><\/p>\n","protected":false},"excerpt":{"rendered":"<p>El t\u00e9cnico colombiano Juan Carlos Osorio convoc\u00f3 a Cota al Tri.<\/p>\n","protected":false},"author":20,"featured_media":480823,"comment_status":"closed","ping_status":"closed","sticky":false,"template":"","format":"standard","meta":[],"categories":[5,2198,3847],"tags":[5443,6920,409],"_links":{"self":[{"href":"http:\/\/desarrollo.grupomedios.com\/futbol\/wp-json\/wp\/v2\/posts\/480822"}],"collection":[{"href":"http:\/\/desarrollo.grupomedios.com\/futbol\/wp-json\/wp\/v2\/posts"}],"about":[{"href":"http:\/\/desarrollo.grupomedios.com\/futbol\/wp-json\/wp\/v2\/types\/post"}],"author":[{"embeddable":true,"href":"http:\/\/desarrollo.grupomedios.com\/futbol\/wp-json\/wp\/v2\/users\/20"}],"replies":[{"embeddable":true,"href":"http:\/\/desarrollo.grupomedios.com\/futbol\/wp-json\/wp\/v2\/comments?post=480822"}],"version-history":[{"count":2,"href":"http:\/\/desarrollo.grupomedios.com\/futbol\/wp-json\/wp\/v2\/posts\/480822\/revisions"}],"predecessor-version":[{"id":480885,"href":"http:\/\/desarrollo.grupomedios.com\/futbol\/wp-json\/wp\/v2\/posts\/480822\/revisions\/480885"}],"wp:featuredmedia":[{"embeddable":true,"href":"http:\/\/desarrollo.grupomedios.com\/futbol\/wp-json\/wp\/v2\/media\/480823"}],"wp:attachment":[{"href":"http:\/\/desarrollo.grupomedios.com\/futbol\/wp-json\/wp\/v2\/media?parent=480822"}],"wp:term":[{"taxonomy":"category","embeddable":true,"href":"http:\/\/desarrollo.grupomedios.com\/futbol\/wp-json\/wp\/v2\/categories?post=480822"},{"taxonomy":"post_tag","embeddable":true,"href":"http:\/\/desarrollo.grupomedios.com\/futbol\/wp-json\/wp\/v2\/tags?post=480822"}],"curies":[{"name":"wp","href":"https:\/\/api.w.org\/{rel}","templated":true}]}}