{"id":480828,"date":"2017-05-26T11:54:21","date_gmt":"2017-05-26T16:54:21","guid":{"rendered":"https:\/\/www.futboltotal.com.mx\/?p=480828"},"modified":"2017-05-26T11:54:21","modified_gmt":"2017-05-26T16:54:21","slug":"sevilla-la-afa-llegan-a-acuerdo-la-salida-sampaoli","status":"publish","type":"post","link":"http:\/\/desarrollo.grupomedios.com\/futbol\/futbol-internacional\/sevilla-la-afa-llegan-a-acuerdo-la-salida-sampaoli\/2017\/05","title":{"rendered":"Sevilla y la AFA llegan a un acuerdo para la salida de Sampaoli"},"content":{"rendered":"<p>El <strong>Sevilla<\/strong> y la <strong>Asociaci\u00f3n del F\u00fatbol Argentino (AFA)<\/strong> han llegado este viernes a un principio de acuerdo para la desvinculaci\u00f3n del t\u00e9cnico <strong>Jorge Sampaoli<\/strong>, con contrato en vigor en el club espa\u00f1ol, para que pueda ejercer como seleccionador de la <em>Albiceleste<\/em>.<\/p>\n<blockquote><p>&#8220;Este principio de acuerdo queda pendiente de la redacci\u00f3n y presentaci\u00f3n de los pertinentes documentos, que deben estar firmados por las partes el pr\u00f3ximo jueves 1 de junio&#8221;, apunta el Sevilla en un comunicado.<\/p><\/blockquote>\n<p>El escrito tambi\u00e9n se\u00f1ala que &#8220;en las conversaciones entre el <strong>Sevilla FC<\/strong> y la <strong>AFA<\/strong>, que ha ejercido como representante de <strong>Jorge Sampaoli<\/strong>, no se ha discutido en ning\u00fan momento la cantidad fijada como cl\u00e1usula de rescisi\u00f3n del contrato del t\u00e9cnico&#8221; y que &#8220;todas las partes se sienten satisfechas por el acuerdo alcanzado&#8221;.<\/p>\n<p style=\"text-align: center;\"><span style=\"color: #3366ff;\"><a style=\"color: #3366ff;\" href=\"https:\/\/www.futboltotal.com.mx\/2017\/05\/javier-chofis-lopez-saldria-chivas-fiestero\/\">VER M\u00c1S: Javier \u2018Chofis\u2019 L\u00f3pez saldr\u00eda de Chivas por \u2018fiestero\u2019<\/a><\/span><\/p>\n<blockquote class=\"twitter-tweet\" data-width=\"500\">\n<p lang=\"es\" dir=\"ltr\">Principio de acuerdo para la desvinculaci\u00f3n de Sampaoli como entrenador del <a href=\"https:\/\/twitter.com\/hashtag\/SevillaFC?src=hash\">#SevillaFC<\/a> <\/p>\n<p>\u27a1 <a href=\"https:\/\/t.co\/eweJ2vpozK\">https:\/\/t.co\/eweJ2vpozK<\/a> <a href=\"https:\/\/t.co\/1NTclGG7Ri\">pic.twitter.com\/1NTclGG7Ri<\/a><\/p>\n<p>&mdash; Sevilla F\u00fatbol Club (@SevillaFC) <a href=\"https:\/\/twitter.com\/SevillaFC\/status\/868081173053964288\">May 26, 2017<\/a><\/p><\/blockquote>\n<p><script async src=\"\/\/platform.twitter.com\/widgets.js\" charset=\"utf-8\"><\/script><\/p>\n<p>El presidente de la <strong>AFA<\/strong>, Claudio &#8216;Chiqui&#8217; Tapia, y su vicepresidente, Daniel Angelici, llegaron en la noche del viernes a Sevilla para negociar con los dirigentes del <strong>Sevilla FC<\/strong> la desvinculaci\u00f3n del entrenador.<\/p>\n<p>El deseo de Tapia y Angelici era negociar un aplazamiento o rebaja de la cl\u00e1usula de rescisi\u00f3n de 1,5 millones de euros que incluye el contrato de Sampaoli, con quien ya han acordado que ser\u00e1 el pr\u00f3ximo seleccionador de su pa\u00eds.<\/p>\n<p>El t\u00e9cnico argentino deber\u00e1 abonar esa cantidad para no cumplir la segunda temporada del contrato que firm\u00f3 con el <strong>Sevilla<\/strong>, que expira en junio de 2018.<\/p>\n<p>Los dirigentes sevillistas, sin embargo, no contemplaban atender ninguna de las pretensiones de la <strong>AFA<\/strong> y se remitieron insistentemente a la letra del contrato, que exige el dep\u00f3sito al contado de la citada cifra m\u00e1s sus correspondientes impuestos. EFE<\/p>\n<p style=\"text-align: center;\"><span style=\"color: #3366ff;\"><a style=\"color: #3366ff;\" href=\"https:\/\/www.futboltotal.com.mx\/2017\/05\/alvaro-morales-se-burla-chivas-andaban-machitos\/\">VER M\u00c1S: \u00c1lvaro Morales se burla de Chivas: \u201candaban muy machitos\u201d<\/a><\/span><\/p>\n","protected":false},"excerpt":{"rendered":"<p>El argentino ser\u00e1 presentado en los pr\u00f3ximos d\u00edas con la Albiceleste.<\/p>\n","protected":false},"author":144,"featured_media":480829,"comment_status":"closed","ping_status":"closed","sticky":false,"template":"","format":"standard","meta":[],"categories":[3839],"tags":[5996,4520,49],"_links":{"self":[{"href":"http:\/\/desarrollo.grupomedios.com\/futbol\/wp-json\/wp\/v2\/posts\/480828"}],"collection":[{"href":"http:\/\/desarrollo.grupomedios.com\/futbol\/wp-json\/wp\/v2\/posts"}],"about":[{"href":"http:\/\/desarrollo.grupomedios.com\/futbol\/wp-json\/wp\/v2\/types\/post"}],"author":[{"embeddable":true,"href":"http:\/\/desarrollo.grupomedios.com\/futbol\/wp-json\/wp\/v2\/users\/144"}],"replies":[{"embeddable":true,"href":"http:\/\/desarrollo.grupomedios.com\/futbol\/wp-json\/wp\/v2\/comments?post=480828"}],"version-history":[{"count":1,"href":"http:\/\/desarrollo.grupomedios.com\/futbol\/wp-json\/wp\/v2\/posts\/480828\/revisions"}],"predecessor-version":[{"id":480830,"href":"http:\/\/desarrollo.grupomedios.com\/futbol\/wp-json\/wp\/v2\/posts\/480828\/revisions\/480830"}],"wp:featuredmedia":[{"embeddable":true,"href":"http:\/\/desarrollo.grupomedios.com\/futbol\/wp-json\/wp\/v2\/media\/480829"}],"wp:attachment":[{"href":"http:\/\/desarrollo.grupomedios.com\/futbol\/wp-json\/wp\/v2\/media?parent=480828"}],"wp:term":[{"taxonomy":"category","embeddable":true,"href":"http:\/\/desarrollo.grupomedios.com\/futbol\/wp-json\/wp\/v2\/categories?post=480828"},{"taxonomy":"post_tag","embeddable":true,"href":"http:\/\/desarrollo.grupomedios.com\/futbol\/wp-json\/wp\/v2\/tags?post=480828"}],"curies":[{"name":"wp","href":"https:\/\/api.w.org\/{rel}","templated":true}]}}