{"id":480872,"date":"2017-05-27T13:35:07","date_gmt":"2017-05-27T18:35:07","guid":{"rendered":"https:\/\/www.futboltotal.com.mx\/?p=480872"},"modified":"2017-05-27T15:26:45","modified_gmt":"2017-05-27T20:26:45","slug":"en-vivo-eintracht-frankfurt-vs-borussia-dortmund-final-dfb-pokal","status":"publish","type":"post","link":"http:\/\/desarrollo.grupomedios.com\/futbol\/futbol-internacional\/en-vivo-eintracht-frankfurt-vs-borussia-dortmund-final-dfb-pokal\/2017\/05","title":{"rendered":"AS\u00cd SE VIVI\u00d3 | Eintracht 1-2 Dortmund | Final DFB Pokal"},"content":{"rendered":"<p style=\"text-align: center;\"><span style=\"color: #3366ff;\"><a style=\"color: #3366ff;\" href=\"https:\/\/en-vivo.futboltotal.com.mx\/partido\/en-vivo-eintracht-frankfurt-vs-borussia-dortmund-final-dfb-pokal\/104\/\" target=\"_blank\" rel=\"noopener noreferrer\">DA CLICK AQU\u00cd Y SIGUE EN VIVO El EINTRACHT VS DORTMUND ESTE S\u00c1BADO A LAS 13:00 HRS.<\/a><\/span><\/p>\n<p><strong>Eintracht Frankfurt vs Borussia Dortmund\u00a0<\/strong>se enfrentan en la Final de la DFB Pokal este s\u00e1bado 27 de mayo en el Estadio Ol\u00edmpico de Berl\u00edn, en donde ambos equipos aspiran a tomar el cetro que dej\u00f3 vacante el Bayern M\u00fanich.<\/p>\n<p>El <strong>Eintracht Frankfurt<\/strong> con <strong>Marco Fabi\u00e1n<\/strong> busca terminar una campa\u00f1a aceptable con el campeonato y la Copa Alemana, pues el torneo anterior peleaban por no descender y ahora luchar\u00e1n por un t\u00edtulo.<\/p>\n<p style=\"text-align: center;\"><span style=\"color: #3366ff;\"><a style=\"color: #3366ff;\" href=\"https:\/\/en-vivo.futboltotal.com.mx\/partido\/en-vivo-eintracht-frankfurt-vs-borussia-dortmund-final-dfb-pokal\/104\/\" target=\"_blank\" rel=\"noopener noreferrer\">DA CLICK AQU\u00cd Y SIGUE EN VIVO El EINTRACHT FRANKFURT VS BORUSSIA DORTMUND ESTE S\u00c1BADO A LAS 13:00 HRS.<\/a><\/span><\/p>\n<p><em>Las \u00c1guilas<\/em> lograron el pase a la Final a costa del M\u00f6nchengladbach al imponerse en serie de penalties que termin\u00f3 en favor de los de<strong> Frankfurt<\/strong> por 7-6.<\/p>\n<p>Por su parte, el <strong>Borussia Dortmund<\/strong>, no quiere terminar la campa\u00f1a con las manas vac\u00edas. Luego derrotar en la fase previa al Bayern M\u00fanich, las expectativas son altas para que el equipo que dirige Thomas Tuchel se lleve el trofeo a casa, sin embargo la \u00faltima palabra la tiene el cuadro que juega en la ciudad de Frankfurt.<\/p>\n","protected":false},"excerpt":{"rendered":"<p>Marco Fabi\u00e1n y el Eintracht buscar\u00e1n dar la sorpresa ante el Dortmund para meterse a puestos europeos.<\/p>\n","protected":false},"author":20,"featured_media":480982,"comment_status":"closed","ping_status":"closed","sticky":false,"template":"","format":"standard","meta":[],"categories":[3839,5951],"tags":[6047,3588,131],"_links":{"self":[{"href":"http:\/\/desarrollo.grupomedios.com\/futbol\/wp-json\/wp\/v2\/posts\/480872"}],"collection":[{"href":"http:\/\/desarrollo.grupomedios.com\/futbol\/wp-json\/wp\/v2\/posts"}],"about":[{"href":"http:\/\/desarrollo.grupomedios.com\/futbol\/wp-json\/wp\/v2\/types\/post"}],"author":[{"embeddable":true,"href":"http:\/\/desarrollo.grupomedios.com\/futbol\/wp-json\/wp\/v2\/users\/20"}],"replies":[{"embeddable":true,"href":"http:\/\/desarrollo.grupomedios.com\/futbol\/wp-json\/wp\/v2\/comments?post=480872"}],"version-history":[{"count":5,"href":"http:\/\/desarrollo.grupomedios.com\/futbol\/wp-json\/wp\/v2\/posts\/480872\/revisions"}],"predecessor-version":[{"id":480989,"href":"http:\/\/desarrollo.grupomedios.com\/futbol\/wp-json\/wp\/v2\/posts\/480872\/revisions\/480989"}],"wp:featuredmedia":[{"embeddable":true,"href":"http:\/\/desarrollo.grupomedios.com\/futbol\/wp-json\/wp\/v2\/media\/480982"}],"wp:attachment":[{"href":"http:\/\/desarrollo.grupomedios.com\/futbol\/wp-json\/wp\/v2\/media?parent=480872"}],"wp:term":[{"taxonomy":"category","embeddable":true,"href":"http:\/\/desarrollo.grupomedios.com\/futbol\/wp-json\/wp\/v2\/categories?post=480872"},{"taxonomy":"post_tag","embeddable":true,"href":"http:\/\/desarrollo.grupomedios.com\/futbol\/wp-json\/wp\/v2\/tags?post=480872"}],"curies":[{"name":"wp","href":"https:\/\/api.w.org\/{rel}","templated":true}]}}