{"id":480883,"date":"2017-05-27T15:25:28","date_gmt":"2017-05-27T20:25:28","guid":{"rendered":"https:\/\/www.futboltotal.com.mx\/?p=480883"},"modified":"2017-05-27T16:45:31","modified_gmt":"2017-05-27T21:45:31","slug":"en-vivo-barcelona-vs-alaves-final-copa-del-rey","status":"publish","type":"post","link":"http:\/\/desarrollo.grupomedios.com\/futbol\/futbol-internacional\/liga-de-espana\/en-vivo-barcelona-vs-alaves-final-copa-del-rey\/2017\/05","title":{"rendered":"AS\u00cd SE VIVI\u00d3 | Barcelona 3-1 Alav\u00e9s | Final Copa del Rey"},"content":{"rendered":"<p style=\"text-align: center;\"><span style=\"color: #3366ff;\"><a style=\"color: #3366ff;\" href=\"https:\/\/en-vivo.futboltotal.com.mx\/partido\/en-vivo-barcelona-vs-alaves-final-copa-del-rey\/105\/\" target=\"_blank\" rel=\"noopener noreferrer\">DA CLICK AQU\u00cd Y SIGUE EN VIVO El BARCELONA VS ALAV\u00c9S ESTE S\u00c1BADO A LAS 13:00 HRS.<\/a><\/span><\/p>\n<p>El <strong>Barcelona<\/strong> buscar\u00e1 este s\u00e1bado, en el madrile\u00f1o Vicente Calder\u00f3n, cerrar un ciclo con un nuevo t\u00edtulo -ser\u00eda el noveno en las tres temporadas que ha estado Luis Enrique Mart\u00ednez como entrenador-, ante un <strong>Deportivo Alav\u00e9s<\/strong> que persigue el sue\u00f1o de levantar la <strong>Copa del Rey<\/strong> en su primer final de la competici\u00f3n.<\/p>\n<p>Para el Barcelona, &#8216;rey de Copas&#8217; con 28 t\u00edtulos, ser\u00e1 su trig\u00e9simo novena final -cuarta consecutiva- y, de lograr la victoria, encadenar\u00eda tres temporadas levantando el trofeo del KO.<\/p>\n<p style=\"text-align: center;\"><span style=\"color: #3366ff;\"><a style=\"color: #3366ff;\" href=\"https:\/\/en-vivo.futboltotal.com.mx\/partido\/en-vivo-barcelona-vs-alaves-final-copa-del-rey\/105\/\" target=\"_blank\" rel=\"noopener noreferrer\">DA CLICK AQU\u00cd Y SIGUE EN VIVO El BARCELONA VS ALAV\u00c9S ESTE S\u00c1BADO A LAS 13:00 HRS.<\/a><\/span><\/p>\n<p>Llega a esta final el Barcelona con la sensaci\u00f3n de que el t\u00edtulo copero es el \u00faltimo b\u00e1lsamo que le queda para curar las heridas de este curso, donde no ha sabido competir lejos del Camp Nou cuando llegaron los cruces en la Liga de Campeones y ha desaprovechado, indolente, la ocasi\u00f3n de reeditar el t\u00edtulo de Liga.<\/p>\n<p>Un estado de \u00e1nimo diferente al del <strong>Deportivo Alav\u00e9s<\/strong> que afronta su primera final copera en sus 96 a\u00f1os de historia, la segunda tras la disputa de la final de la Copa de la UEFA ante el Liverpool hace 16 a\u00f1os en Dortmund (Alemania).<\/p>\n<p>Los <em>albiazules<\/em> no se han dejado llevar por la euforia de la clasificaci\u00f3n a esta final y, a pesar de conseguir el objetivo de la permanencia (han acabado novenos en la clasificaci\u00f3n), han sido fieles a su estilo y no han levantado el pie del acelerador en la recta final del campeonato liguero, lo que les ha permitido llegar con tensi\u00f3n y buenas sensaciones a esta final.<\/p>\n","protected":false},"excerpt":{"rendered":"<p>Barcelona buscar\u00e1 su tercer t\u00edtulo consecutivo.<\/p>\n","protected":false},"author":129,"featured_media":480996,"comment_status":"closed","ping_status":"closed","sticky":false,"template":"","format":"standard","meta":[],"categories":[3844],"tags":[7652,5984,96],"_links":{"self":[{"href":"http:\/\/desarrollo.grupomedios.com\/futbol\/wp-json\/wp\/v2\/posts\/480883"}],"collection":[{"href":"http:\/\/desarrollo.grupomedios.com\/futbol\/wp-json\/wp\/v2\/posts"}],"about":[{"href":"http:\/\/desarrollo.grupomedios.com\/futbol\/wp-json\/wp\/v2\/types\/post"}],"author":[{"embeddable":true,"href":"http:\/\/desarrollo.grupomedios.com\/futbol\/wp-json\/wp\/v2\/users\/129"}],"replies":[{"embeddable":true,"href":"http:\/\/desarrollo.grupomedios.com\/futbol\/wp-json\/wp\/v2\/comments?post=480883"}],"version-history":[{"count":8,"href":"http:\/\/desarrollo.grupomedios.com\/futbol\/wp-json\/wp\/v2\/posts\/480883\/revisions"}],"predecessor-version":[{"id":481011,"href":"http:\/\/desarrollo.grupomedios.com\/futbol\/wp-json\/wp\/v2\/posts\/480883\/revisions\/481011"}],"wp:featuredmedia":[{"embeddable":true,"href":"http:\/\/desarrollo.grupomedios.com\/futbol\/wp-json\/wp\/v2\/media\/480996"}],"wp:attachment":[{"href":"http:\/\/desarrollo.grupomedios.com\/futbol\/wp-json\/wp\/v2\/media?parent=480883"}],"wp:term":[{"taxonomy":"category","embeddable":true,"href":"http:\/\/desarrollo.grupomedios.com\/futbol\/wp-json\/wp\/v2\/categories?post=480883"},{"taxonomy":"post_tag","embeddable":true,"href":"http:\/\/desarrollo.grupomedios.com\/futbol\/wp-json\/wp\/v2\/tags?post=480883"}],"curies":[{"name":"wp","href":"https:\/\/api.w.org\/{rel}","templated":true}]}}