{"id":480909,"date":"2017-05-27T07:00:51","date_gmt":"2017-05-27T12:00:51","guid":{"rendered":"https:\/\/www.futboltotal.com.mx\/?p=480909"},"modified":"2017-05-27T08:27:33","modified_gmt":"2017-05-27T13:27:33","slug":"croacia-victima-una-paternidad-del-tri","status":"publish","type":"post","link":"http:\/\/desarrollo.grupomedios.com\/futbol\/destacado-home\/croacia-victima-una-paternidad-del-tri\/2017\/05","title":{"rendered":"Croacia, v\u00edctima de una paternidad del Tri"},"content":{"rendered":"<p>En la historia de partidos de la<strong> Selecci\u00f3n Mexicana<\/strong>, donde figuran m\u00e1s de una centena de rivales, solo hay un p\u00f3quer a los que ha enfrentado en cuatro ocasiones: Bermudas, Egipto, Portugal y Croacia.<\/p>\n<p>Ante este \u00faltimo se enfrentar\u00e1 esta noche en un duelo de preparaci\u00f3n de cara a las eliminatorias mundialistas, con el grato de recuerdo de haberlo sometido en los dos \u00faltimos partidos y para reclamar una paternidad que comenz\u00f3 en el nuevo milenio y que ha sido inquebrantable desde hace 18 a\u00f1os.<\/p>\n<p style=\"text-align: center;\"><span style=\"color: #3366ff;\">VER M\u00c1S:\u00a0QUIZ: \u00bfCu\u00e1nto sabes de Croacia, el rival del Tri?<\/span><\/p>\n<p><iframe loading=\"lazy\" src=\"https:\/\/www.youtube.com\/embed\/fwLziFLWgxo?feature=oembed\" frameborder=\"0\" allowfullscreen><\/iframe><\/p>\n<p>En 1992,\u00a0la<strong> Selecci\u00f3n Mexicana<\/strong> se enfrent\u00f3 por primera vez ante Croacia. Era un partido amistoso. En aquel entonces, el <em>Tri\u00a0<\/em>era dirigido por C\u00e9sar Luis Menotti y para su mala fortuna se llev\u00f3 una goleada 0-3 en una g\u00e9lida visita a Zagreb, donde el tirano Davor Suker marc\u00f3 un doblete.<\/p>\n<p>Para 1999, los croatas volvieron a vencer a <strong>M\u00e9xico<\/strong>, esta vez, cuando Manuel Lapuente era el estratega y en la Copa Corea; el marcador fue 2-1 y el <em>Matador<\/em>\u00a0Hern\u00e1ndez anot\u00f3 el de la honra. Poco despu\u00e9s, el descalabro qued\u00f3 en el olvido para el <em>Tri <\/em>porque consigui\u00f3 la Copa Confederaciones y un tercer lugar en la Copa Am\u00e9rica.<\/p>\n<p><iframe loading=\"lazy\" src=\"https:\/\/www.youtube.com\/embed\/ed9fzQlP_6g?feature=oembed\" frameborder=\"0\" allowfullscreen><\/iframe><\/p>\n<p>El futbol volvi\u00f3 a cruzar los caminos de <strong>M\u00e9xico<\/strong> y <strong>Croacia<\/strong> en 2002. En el despegue de la Fase de Grupos del Mundial de Corea-Jap\u00f3n, el <em>Tri <\/em>ajust\u00f3 cuentas y venci\u00f3 0-1 con un gol de Cuauht\u00e9moc Blanco, que a la postre permiti\u00f3 a M\u00e9xico acabar como l\u00edder de grupo y plantarse en los Octavos de Final.<\/p>\n<p>En el partido m\u00e1s reciente, fue en el Mundial de Brasil 2014. El <em>Tri<\/em>\u00a0de Miguel Herrera asest\u00f3 un categ\u00f3rico 1-3, con los goles de Rafa M\u00e1rquez, Andr\u00e9s Guardado y <em>Chicharito<\/em> Hern\u00e1ndez, consiguiendo una victoria important\u00edsima que le permiti\u00f3 alcanzar el quinto partido.<\/p>\n<p>Con estos precedentes, <strong>M\u00e9xico<\/strong> y <strong>Croacia<\/strong> volver\u00e1n a enfrentarse en un quinto partido, y por quinta ocasi\u00f3n el <em>Tri<\/em> tendr\u00e1 un entrenador distinto, el colombiano Juan Carlos Osorio, quien en un duelo amistoso ser\u00e1 el encargado comenzar con una paternidad que parece inobjetable.<\/p>\n","protected":false},"excerpt":{"rendered":"<p>Los Balc\u00e1nicos no pueden vencer a M\u00e9xico desde hace 18 a\u00f1os. <\/p>\n","protected":false},"author":20,"featured_media":480930,"comment_status":"closed","ping_status":"closed","sticky":false,"template":"","format":"standard","meta":[],"categories":[5,3847],"tags":[1393,65],"_links":{"self":[{"href":"http:\/\/desarrollo.grupomedios.com\/futbol\/wp-json\/wp\/v2\/posts\/480909"}],"collection":[{"href":"http:\/\/desarrollo.grupomedios.com\/futbol\/wp-json\/wp\/v2\/posts"}],"about":[{"href":"http:\/\/desarrollo.grupomedios.com\/futbol\/wp-json\/wp\/v2\/types\/post"}],"author":[{"embeddable":true,"href":"http:\/\/desarrollo.grupomedios.com\/futbol\/wp-json\/wp\/v2\/users\/20"}],"replies":[{"embeddable":true,"href":"http:\/\/desarrollo.grupomedios.com\/futbol\/wp-json\/wp\/v2\/comments?post=480909"}],"version-history":[{"count":3,"href":"http:\/\/desarrollo.grupomedios.com\/futbol\/wp-json\/wp\/v2\/posts\/480909\/revisions"}],"predecessor-version":[{"id":480936,"href":"http:\/\/desarrollo.grupomedios.com\/futbol\/wp-json\/wp\/v2\/posts\/480909\/revisions\/480936"}],"wp:featuredmedia":[{"embeddable":true,"href":"http:\/\/desarrollo.grupomedios.com\/futbol\/wp-json\/wp\/v2\/media\/480930"}],"wp:attachment":[{"href":"http:\/\/desarrollo.grupomedios.com\/futbol\/wp-json\/wp\/v2\/media?parent=480909"}],"wp:term":[{"taxonomy":"category","embeddable":true,"href":"http:\/\/desarrollo.grupomedios.com\/futbol\/wp-json\/wp\/v2\/categories?post=480909"},{"taxonomy":"post_tag","embeddable":true,"href":"http:\/\/desarrollo.grupomedios.com\/futbol\/wp-json\/wp\/v2\/tags?post=480909"}],"curies":[{"name":"wp","href":"https:\/\/api.w.org\/{rel}","templated":true}]}}