{"id":480913,"date":"2017-05-26T17:50:04","date_gmt":"2017-05-26T22:50:04","guid":{"rendered":"https:\/\/www.futboltotal.com.mx\/?p=480913"},"modified":"2017-05-26T17:50:04","modified_gmt":"2017-05-26T22:50:04","slug":"televisa-se-burla-de-tv-azteca-tras-final-de-ida","status":"publish","type":"post","link":"http:\/\/desarrollo.grupomedios.com\/futbol\/videos\/televisa-se-burla-de-tv-azteca-tras-final-de-ida\/2017\/05","title":{"rendered":"Televisa se burla de TV Azteca tras final de Ida"},"content":{"rendered":"<p>A trav\u00e9s de su cuenta de Twitter, <em>TDN<\/em> comparti\u00f3 el video promocional para la Final de Vuelta entre Chivas y Tigres, que ser\u00e1 transmitida exclusivamente por Chivas TV y por el canal de televisi\u00f3n restringida de <strong>Televisa<\/strong>.<\/p>\n<p>En el spot, el ex jugador y comentarista de <strong>Televisa<\/strong>, Dami\u00e1n Zamogilny, hizo una parodia del video de Christian Martinoli previo a la Final de Ida, para cerrar con burla, a la forma en c\u00f3mo transmitieron el juego en <strong>TV Azteca<\/strong>. \u201cPara eso les pasamos la pelota\u201d, se burla el <em>Ruso<\/em>.<\/p>\n<p style=\"text-align: center;\"><span style=\"color: #3366ff;\"><a style=\"color: #3366ff;\" href=\"https:\/\/www.futboltotal.com.mx\/2017\/05\/la-celebracion-carlos-guerrero-tras-doblete-gignac\/\" target=\"_blank\" rel=\"noopener noreferrer\"><strong>VER M\u00c1S: Carlos Guerrero festeja la actuaci\u00f3n de Gignac<\/strong><\/a><\/span><\/p>\n<blockquote class=\"twitter-video\" data-lang=\"es\">\n<p dir=\"ltr\" lang=\"es\">\u00a1La final es toda nuestra! \u00bfO no, <a href=\"https:\/\/twitter.com\/RusoZamogilny\">@RusoZamogilny<\/a>?<a href=\"https:\/\/twitter.com\/hashtag\/FinalEnTDN?src=hash\">#FinalEnTDN<\/a><\/p>\n<p>&#x1f42f; vs &#x1f410; <a href=\"https:\/\/t.co\/XkWNhQ4B4h\">pic.twitter.com\/XkWNhQ4B4h<\/a><\/p>\n<p>\u2014 TDN (@tdn_twit) <a href=\"https:\/\/twitter.com\/tdn_twit\/status\/868195669382635520\">26 de mayo de 2017<\/a><\/p><\/blockquote>\n<p><script async src=\"\/\/platform.twitter.com\/widgets.js\" charset=\"utf-8\"><\/script><\/p>\n<p style=\"text-align: center;\"><span style=\"color: #3366ff;\"><a style=\"color: #3366ff;\" href=\"https:\/\/www.futboltotal.com.mx\/2017\/05\/benoit-assou-ekotto-se-retiraria-dedicarse-al-porno\/\" target=\"_blank\" rel=\"noopener noreferrer\"><strong>VER M\u00c1S: Futbolista se retirar\u00eda para convertirse en estrella porno<\/strong><\/a><\/span><\/p>\n<p>S\u00edguenos en Twitter: <a href=\"https:\/\/twitter.com\/MXFutbolTotal\" target=\"_blank\" rel=\"noopener noreferrer\">@MXFutbolTotal<\/a><\/p>\n","protected":false},"excerpt":{"rendered":"<p>En promo para final de Vuelta, TDN hace mofa de transmisi\u00f3n de su rival.\t<\/p>\n","protected":false},"author":20,"featured_media":480914,"comment_status":"closed","ping_status":"closed","sticky":false,"template":"","format":"standard","meta":[],"categories":[5419,4,6433],"tags":[5460,8446,4722,4665],"_links":{"self":[{"href":"http:\/\/desarrollo.grupomedios.com\/futbol\/wp-json\/wp\/v2\/posts\/480913"}],"collection":[{"href":"http:\/\/desarrollo.grupomedios.com\/futbol\/wp-json\/wp\/v2\/posts"}],"about":[{"href":"http:\/\/desarrollo.grupomedios.com\/futbol\/wp-json\/wp\/v2\/types\/post"}],"author":[{"embeddable":true,"href":"http:\/\/desarrollo.grupomedios.com\/futbol\/wp-json\/wp\/v2\/users\/20"}],"replies":[{"embeddable":true,"href":"http:\/\/desarrollo.grupomedios.com\/futbol\/wp-json\/wp\/v2\/comments?post=480913"}],"version-history":[{"count":1,"href":"http:\/\/desarrollo.grupomedios.com\/futbol\/wp-json\/wp\/v2\/posts\/480913\/revisions"}],"predecessor-version":[{"id":480915,"href":"http:\/\/desarrollo.grupomedios.com\/futbol\/wp-json\/wp\/v2\/posts\/480913\/revisions\/480915"}],"wp:featuredmedia":[{"embeddable":true,"href":"http:\/\/desarrollo.grupomedios.com\/futbol\/wp-json\/wp\/v2\/media\/480914"}],"wp:attachment":[{"href":"http:\/\/desarrollo.grupomedios.com\/futbol\/wp-json\/wp\/v2\/media?parent=480913"}],"wp:term":[{"taxonomy":"category","embeddable":true,"href":"http:\/\/desarrollo.grupomedios.com\/futbol\/wp-json\/wp\/v2\/categories?post=480913"},{"taxonomy":"post_tag","embeddable":true,"href":"http:\/\/desarrollo.grupomedios.com\/futbol\/wp-json\/wp\/v2\/tags?post=480913"}],"curies":[{"name":"wp","href":"https:\/\/api.w.org\/{rel}","templated":true}]}}