{"id":480920,"date":"2017-05-26T18:48:58","date_gmt":"2017-05-26T23:48:58","guid":{"rendered":"https:\/\/www.futboltotal.com.mx\/?p=480920"},"modified":"2017-05-26T18:48:58","modified_gmt":"2017-05-26T23:48:58","slug":"andres-guardado-en-la-mira-del-eintracht-frankfurt","status":"publish","type":"post","link":"http:\/\/desarrollo.grupomedios.com\/futbol\/futbol-internacional\/andres-guardado-en-la-mira-del-eintracht-frankfurt\/2017\/05","title":{"rendered":"\u00a1Andr\u00e9s Guardado, en la mira del Eintracht Frankfurt!"},"content":{"rendered":"<p><strong>Andr\u00e9s Guardado<\/strong> parece tener sus d\u00edas contados en el PSV, pues ya lo visualizan fuera del conjunto holand\u00e9s, debido a que tiene serios pretendientes fuera de los Pa\u00edses Bajos, uno en Alemania y otro en Espa\u00f1a.<\/p>\n<p>El primer candidato ya se conoce, es el Atl\u00e9tico de Madrid de Espa\u00f1a, que querr\u00eda reforzar su mediocampo con <strong>Andr\u00e9s Guardado<\/strong>; el segundo, ser\u00eda el <strong>Eintracht Frankfurt<\/strong> de Alemania, de acuerdo al comentarista de ESPN, John Sutcliffe.<\/p>\n<p style=\"text-align: center;\"><span style=\"color: #3366ff;\"><a style=\"color: #3366ff;\" href=\"https:\/\/www.futboltotal.com.mx\/2017\/05\/sebastian-palacios-nuevo-refuerzo-pachuca\/\" target=\"_blank\" rel=\"noopener noreferrer\"><strong>VER M\u00c1S: Sebasti\u00e1n Palacios ser\u00eda el nuevo refuerzo de Pachuca<\/strong><\/a><\/span><\/p>\n<p>De concretarse el fichaje al club teut\u00f3n, <strong>Andr\u00e9s Guardado<\/strong> se unir\u00eda a Marco Fabi\u00e1n, para hacer que sea la segunda ocasi\u00f3n en que dos mexicanos militen en un club alem\u00e1n, tal y como sucedi\u00f3 en 2006, con Ricardo Osorio y Pavel Pardo en Stuttgart.<\/p>\n<p style=\"text-align: center;\"><span style=\"color: #3366ff;\"><a style=\"color: #3366ff;\" href=\"https:\/\/www.futboltotal.com.mx\/2017\/05\/en-europa-insisten-en-miguel-layun-llegaria-inter-milan\/\" target=\"_blank\" rel=\"noopener noreferrer\"><strong>VER M\u00c1S: Miguel Lay\u00fan toma fuerza en Italia<\/strong><\/a><\/span><\/p>\n<p style=\"text-align: center;\"><a href=\"https:\/\/www.futboltotal.com.mx\/wp-content\/uploads\/2017\/05\/guardado-eintracht-espn.jpg\"><img decoding=\"async\" loading=\"lazy\" class=\"alignnone size-full wp-image-480922\" src=\"https:\/\/www.futboltotal.com.mx\/wp-content\/uploads\/2017\/05\/guardado-eintracht-espn.jpg\" alt=\"\u00a1Andr\u00e9s Guardado, en la mira del Eintracht Frankfurt! 0\" srcset=\"http:\/\/desarrollo.grupomedios.com\/futbol\/wp-content\/uploads\/2017\/05\/guardado-eintracht-espn.jpg 1136w, http:\/\/desarrollo.grupomedios.com\/futbol\/wp-content\/uploads\/2017\/05\/guardado-eintracht-espn-300x169.jpg 300w, http:\/\/desarrollo.grupomedios.com\/futbol\/wp-content\/uploads\/2017\/05\/guardado-eintracht-espn-768x432.jpg 768w, http:\/\/desarrollo.grupomedios.com\/futbol\/wp-content\/uploads\/2017\/05\/guardado-eintracht-espn-1024x576.jpg 1024w, http:\/\/desarrollo.grupomedios.com\/futbol\/wp-content\/uploads\/2017\/05\/guardado-eintracht-espn-317x178.jpg 317w, http:\/\/desarrollo.grupomedios.com\/futbol\/wp-content\/uploads\/2017\/05\/guardado-eintracht-espn-535x301.jpg 535w, http:\/\/desarrollo.grupomedios.com\/futbol\/wp-content\/uploads\/2017\/05\/guardado-eintracht-espn-374x210.jpg 374w\" sizes=\"(max-width: 1136px) 100vw, 1136px\" \/><\/a><\/p>\n<p>S\u00edguenos en Twitter: <a href=\"https:\/\/twitter.com\/MXFutbolTotal\" target=\"_blank\" rel=\"noopener noreferrer\">@MXFutbolTotal<\/a><\/p>\n","protected":false},"excerpt":{"rendered":"<p>El Principito tiene dos opciones serias para salir del PSV.<\/p>\n","protected":false},"author":20,"featured_media":480921,"comment_status":"closed","ping_status":"closed","sticky":false,"template":"","format":"standard","meta":[],"categories":[3839,6822],"tags":[6046,119,3588],"_links":{"self":[{"href":"http:\/\/desarrollo.grupomedios.com\/futbol\/wp-json\/wp\/v2\/posts\/480920"}],"collection":[{"href":"http:\/\/desarrollo.grupomedios.com\/futbol\/wp-json\/wp\/v2\/posts"}],"about":[{"href":"http:\/\/desarrollo.grupomedios.com\/futbol\/wp-json\/wp\/v2\/types\/post"}],"author":[{"embeddable":true,"href":"http:\/\/desarrollo.grupomedios.com\/futbol\/wp-json\/wp\/v2\/users\/20"}],"replies":[{"embeddable":true,"href":"http:\/\/desarrollo.grupomedios.com\/futbol\/wp-json\/wp\/v2\/comments?post=480920"}],"version-history":[{"count":1,"href":"http:\/\/desarrollo.grupomedios.com\/futbol\/wp-json\/wp\/v2\/posts\/480920\/revisions"}],"predecessor-version":[{"id":480923,"href":"http:\/\/desarrollo.grupomedios.com\/futbol\/wp-json\/wp\/v2\/posts\/480920\/revisions\/480923"}],"wp:featuredmedia":[{"embeddable":true,"href":"http:\/\/desarrollo.grupomedios.com\/futbol\/wp-json\/wp\/v2\/media\/480921"}],"wp:attachment":[{"href":"http:\/\/desarrollo.grupomedios.com\/futbol\/wp-json\/wp\/v2\/media?parent=480920"}],"wp:term":[{"taxonomy":"category","embeddable":true,"href":"http:\/\/desarrollo.grupomedios.com\/futbol\/wp-json\/wp\/v2\/categories?post=480920"},{"taxonomy":"post_tag","embeddable":true,"href":"http:\/\/desarrollo.grupomedios.com\/futbol\/wp-json\/wp\/v2\/tags?post=480920"}],"curies":[{"name":"wp","href":"https:\/\/api.w.org\/{rel}","templated":true}]}}