{"id":480937,"date":"2017-05-26T20:49:07","date_gmt":"2017-05-27T01:49:07","guid":{"rendered":"https:\/\/www.futboltotal.com.mx\/?p=480937"},"modified":"2017-05-26T20:49:56","modified_gmt":"2017-05-27T01:49:56","slug":"adidas-presenta-nemeziz-nuevo-calzado-lionel-messi","status":"publish","type":"post","link":"http:\/\/desarrollo.grupomedios.com\/futbol\/galerias\/adidas-presenta-nemeziz-nuevo-calzado-lionel-messi\/2017\/05","title":{"rendered":"Adidas presenta Nemeziz, el nuevo calzado de Lionel Messi"},"content":{"rendered":"<p><strong>Lionel Messi<\/strong> estrenar\u00e1 calzado de <strong>adidas<\/strong>, se trata de los <strong>Nemeziz<\/strong>, que fueron dise\u00f1ados para favorecer el talento de los futbolistas m\u00e1s habilidosos del planeta. Los zapato ser\u00e1n usados tambi\u00e9n por Renato Sanches y Roberto Firmino.<\/p>\n<p><a href=\"https:\/\/www.futboltotal.com.mx\/wp-content\/uploads\/2017\/05\/adidas-nemeziz.jpg\"><img decoding=\"async\" loading=\"lazy\" class=\"alignnone size-full wp-image-480939\" src=\"https:\/\/www.futboltotal.com.mx\/wp-content\/uploads\/2017\/05\/adidas-nemeziz.jpg\" alt=\"Adidas presenta Nemeziz, el nuevo calzado de Lionel Messi 0\" srcset=\"http:\/\/desarrollo.grupomedios.com\/futbol\/wp-content\/uploads\/2017\/05\/adidas-nemeziz.jpg 1136w, http:\/\/desarrollo.grupomedios.com\/futbol\/wp-content\/uploads\/2017\/05\/adidas-nemeziz-300x169.jpg 300w, http:\/\/desarrollo.grupomedios.com\/futbol\/wp-content\/uploads\/2017\/05\/adidas-nemeziz-768x432.jpg 768w, http:\/\/desarrollo.grupomedios.com\/futbol\/wp-content\/uploads\/2017\/05\/adidas-nemeziz-1024x576.jpg 1024w, http:\/\/desarrollo.grupomedios.com\/futbol\/wp-content\/uploads\/2017\/05\/adidas-nemeziz-317x178.jpg 317w, http:\/\/desarrollo.grupomedios.com\/futbol\/wp-content\/uploads\/2017\/05\/adidas-nemeziz-535x301.jpg 535w, http:\/\/desarrollo.grupomedios.com\/futbol\/wp-content\/uploads\/2017\/05\/adidas-nemeziz-374x210.jpg 374w\" sizes=\"(max-width: 1136px) 100vw, 1136px\" \/><\/a><\/p>\n<p style=\"text-align: center;\"><span style=\"color: #3366ff;\"><a style=\"color: #3366ff;\" href=\"https:\/\/www.futboltotal.com.mx\/2017\/05\/andres-guardado-en-la-mira-del-eintracht-frankfurt\/\" target=\"_blank\" rel=\"noopener noreferrer\"><strong>VER M\u00c1S: Andr\u00e9s Guardado jugar\u00eda con Marco Fabi\u00e1n en Alemania<\/strong><\/a><\/span><\/p>\n<p>\u201cCada elemento de <strong>Nemeziz<\/strong> ha sido dise\u00f1ado para satisfacer a los jugadores cuya agilidad les ayuda a dominar. Para que estos jugadores den lo mejor de s\u00ed, necesitan tacos que otorguen seguridad, soporte y adaptabilidad, y Nemeziz est\u00e1 construido con estos requisitos a la vanguardia\u201d, explic\u00f3 <strong>adidas<\/strong>, en comunicado.<\/p>\n<p><a href=\"https:\/\/www.futboltotal.com.mx\/wp-content\/uploads\/2017\/05\/adidas-nemeziz-3.jpg\"><img decoding=\"async\" loading=\"lazy\" class=\"alignnone size-full wp-image-480941\" src=\"https:\/\/www.futboltotal.com.mx\/wp-content\/uploads\/2017\/05\/adidas-nemeziz-3.jpg\" alt=\"Adidas presenta Nemeziz, el nuevo calzado de Lionel Messi 1\" srcset=\"http:\/\/desarrollo.grupomedios.com\/futbol\/wp-content\/uploads\/2017\/05\/adidas-nemeziz-3.jpg 1136w, http:\/\/desarrollo.grupomedios.com\/futbol\/wp-content\/uploads\/2017\/05\/adidas-nemeziz-3-300x169.jpg 300w, http:\/\/desarrollo.grupomedios.com\/futbol\/wp-content\/uploads\/2017\/05\/adidas-nemeziz-3-768x432.jpg 768w, http:\/\/desarrollo.grupomedios.com\/futbol\/wp-content\/uploads\/2017\/05\/adidas-nemeziz-3-1024x576.jpg 1024w, http:\/\/desarrollo.grupomedios.com\/futbol\/wp-content\/uploads\/2017\/05\/adidas-nemeziz-3-317x178.jpg 317w, http:\/\/desarrollo.grupomedios.com\/futbol\/wp-content\/uploads\/2017\/05\/adidas-nemeziz-3-535x301.jpg 535w, http:\/\/desarrollo.grupomedios.com\/futbol\/wp-content\/uploads\/2017\/05\/adidas-nemeziz-3-374x210.jpg 374w\" sizes=\"(max-width: 1136px) 100vw, 1136px\" \/><\/a><\/p>\n<p style=\"text-align: center;\"><span style=\"color: #3366ff;\"><a style=\"color: #3366ff;\" href=\"https:\/\/www.futboltotal.com.mx\/2017\/05\/oficial-eduardo-coudet-nuevo-dt-xolos\/\" target=\"_blank\" rel=\"noopener noreferrer\"><strong>VER M\u00c1S: Xolos anuncia al reemplazo de Miguel Herrera<\/strong><\/a><\/span><\/p>\n<p>El nuevo calzado de adidas estar\u00e1 lo suficientemente ajustado para permitir que los jugadores puedan sentirse ligeros, de esta forma, podr\u00e1n explotar mejor sus habilidades. Adem\u00e1s, tiene caracter\u00edsticas de accesorios usados en otras disciplinas, como danza y artes marciales.<\/p>\n<p><a href=\"https:\/\/www.futboltotal.com.mx\/wp-content\/uploads\/2017\/05\/adidas-nemeziz-2.jpg\"><img decoding=\"async\" loading=\"lazy\" class=\"alignnone size-full wp-image-480940\" src=\"https:\/\/www.futboltotal.com.mx\/wp-content\/uploads\/2017\/05\/adidas-nemeziz-2.jpg\" alt=\"Adidas presenta Nemeziz, el nuevo calzado de Lionel Messi 2\" srcset=\"http:\/\/desarrollo.grupomedios.com\/futbol\/wp-content\/uploads\/2017\/05\/adidas-nemeziz-2.jpg 1136w, http:\/\/desarrollo.grupomedios.com\/futbol\/wp-content\/uploads\/2017\/05\/adidas-nemeziz-2-300x169.jpg 300w, http:\/\/desarrollo.grupomedios.com\/futbol\/wp-content\/uploads\/2017\/05\/adidas-nemeziz-2-768x432.jpg 768w, http:\/\/desarrollo.grupomedios.com\/futbol\/wp-content\/uploads\/2017\/05\/adidas-nemeziz-2-1024x576.jpg 1024w, http:\/\/desarrollo.grupomedios.com\/futbol\/wp-content\/uploads\/2017\/05\/adidas-nemeziz-2-317x178.jpg 317w, http:\/\/desarrollo.grupomedios.com\/futbol\/wp-content\/uploads\/2017\/05\/adidas-nemeziz-2-535x301.jpg 535w, http:\/\/desarrollo.grupomedios.com\/futbol\/wp-content\/uploads\/2017\/05\/adidas-nemeziz-2-374x210.jpg 374w\" sizes=\"(max-width: 1136px) 100vw, 1136px\" \/><\/a><\/p>\n<p style=\"text-align: center;\"><span style=\"color: #3366ff;\"><a style=\"color: #3366ff;\" href=\"https:\/\/www.futboltotal.com.mx\/2017\/05\/televisa-se-burla-de-tv-azteca-tras-final-de-ida\/\" target=\"_blank\" rel=\"noopener noreferrer\"><strong>VER M\u00c1S: Televisa se burla de TV Azteca tras Final de Ida<\/strong><\/a><\/span><\/p>\n<p>\u201cLa explosividad es parte de mi juego. Un jugador debe intentar ejecutar movimientos que su oponente no est\u00e9 esperando, y debe hacerlo lo m\u00e1s r\u00e1pido posible. Para poder lograrlo, necesitas tener una completa confianza en tus tacos y la flexibilidad para moverte y ajustarte f\u00e1cilmente. El dise\u00f1o de estos tacos es perfecto para mi juego\u201d, indic\u00f3 <strong>Lionel Messi<\/strong>, respecto a sus nuevos zapatos.<\/p>\n<p><iframe loading=\"lazy\" src=\"https:\/\/www.youtube.com\/embed\/JEt2ZZLZSmw\" frameborder=\"0\" allowfullscreen=\"allowfullscreen\"><\/iframe><\/p>\n<p style=\"text-align: center;\"><span style=\"color: #3366ff;\"><a style=\"color: #3366ff;\" href=\"https:\/\/www.futboltotal.com.mx\/2017\/05\/jose-luis-higuera-debe-sueldo-a-jugadores\/\" target=\"_blank\" rel=\"noopener noreferrer\"><strong>VER M\u00c1S: Higuera deber\u00eda sueldos a jugadores<\/strong><\/a><\/span><\/p>\n<p>S\u00edguenos en Twitter: <a href=\"https:\/\/twitter.com\/MXFutbolTotal\" target=\"_blank\" rel=\"noopener noreferrer\">@MXFutbolTotal<\/a><\/p>\n","protected":false},"excerpt":{"rendered":"<p>Los nuevos zapatos tambi\u00e9n ser\u00e1n usados por Renato Sanches y Roberto Firmino.<\/p>\n","protected":false},"author":20,"featured_media":480938,"comment_status":"closed","ping_status":"closed","sticky":false,"template":"","format":"standard","meta":[],"categories":[6410,3839,3],"tags":[1560,6012],"_links":{"self":[{"href":"http:\/\/desarrollo.grupomedios.com\/futbol\/wp-json\/wp\/v2\/posts\/480937"}],"collection":[{"href":"http:\/\/desarrollo.grupomedios.com\/futbol\/wp-json\/wp\/v2\/posts"}],"about":[{"href":"http:\/\/desarrollo.grupomedios.com\/futbol\/wp-json\/wp\/v2\/types\/post"}],"author":[{"embeddable":true,"href":"http:\/\/desarrollo.grupomedios.com\/futbol\/wp-json\/wp\/v2\/users\/20"}],"replies":[{"embeddable":true,"href":"http:\/\/desarrollo.grupomedios.com\/futbol\/wp-json\/wp\/v2\/comments?post=480937"}],"version-history":[{"count":2,"href":"http:\/\/desarrollo.grupomedios.com\/futbol\/wp-json\/wp\/v2\/posts\/480937\/revisions"}],"predecessor-version":[{"id":480943,"href":"http:\/\/desarrollo.grupomedios.com\/futbol\/wp-json\/wp\/v2\/posts\/480937\/revisions\/480943"}],"wp:featuredmedia":[{"embeddable":true,"href":"http:\/\/desarrollo.grupomedios.com\/futbol\/wp-json\/wp\/v2\/media\/480938"}],"wp:attachment":[{"href":"http:\/\/desarrollo.grupomedios.com\/futbol\/wp-json\/wp\/v2\/media?parent=480937"}],"wp:term":[{"taxonomy":"category","embeddable":true,"href":"http:\/\/desarrollo.grupomedios.com\/futbol\/wp-json\/wp\/v2\/categories?post=480937"},{"taxonomy":"post_tag","embeddable":true,"href":"http:\/\/desarrollo.grupomedios.com\/futbol\/wp-json\/wp\/v2\/tags?post=480937"}],"curies":[{"name":"wp","href":"https:\/\/api.w.org\/{rel}","templated":true}]}}