{"id":480977,"date":"2017-05-27T12:00:30","date_gmt":"2017-05-27T17:00:30","guid":{"rendered":"https:\/\/www.futboltotal.com.mx\/?p=480977"},"modified":"2017-05-29T15:35:55","modified_gmt":"2017-05-29T20:35:55","slug":"villarreal-tendria-en-la-mira-a-andre-pierre-gignac","status":"publish","type":"post","link":"http:\/\/desarrollo.grupomedios.com\/futbol\/destacado-home\/villarreal-tendria-en-la-mira-a-andre-pierre-gignac\/2017\/05","title":{"rendered":"Villarreal tendr\u00eda en la mira a Andr\u00e9-Pierre Gignac"},"content":{"rendered":"<p>El buen momento que vive el franc\u00e9s<strong> Andr\u00e9-Pierre Gignac<\/strong> con los Tigres sigue d\u00e1ndole vueltas al mundo y es por ello que equipos europeos quieren hacerse de los servicios del delantero.<\/p>\n<p>Seg\u00fan informa el medio espa\u00f1ol Contraataque Deportivo, el <strong>Villarreal<\/strong> estar\u00eda interesado en contratar al delantero de los Tigres para la pr\u00f3xima temporada al igual que el Valencia, aunque el Submarino Amarillo lo buscar\u00eda para disputar la Europa League.<\/p>\n<p style=\"text-align: center;\"><span style=\"color: #3366ff;\"><a style=\"color: #3366ff;\" href=\"https:\/\/www.futboltotal.com.mx\/2017\/05\/aviles-hurtado-habria-rechazado-irse-al-america\/\">VER M\u00c1S: Avil\u00e9s Hurtado habr\u00eda rechazado irse al America<\/a><\/span><\/p>\n<p>Otro de los medios que ha retomado la informaci\u00f3n es el portal de <em>Goal Francia<\/em>, quienes se ilusionan con la posible vuelta de<strong> Gignac<\/strong> al futbol europeo.<\/p>\n<p>A pesar de los rumores y el inter\u00e9s de clubes europeos, <strong>Gignac<\/strong> ha dicho en varias ocasiones que todav\u00eda no volver\u00eda a Europoa, pues busca hacer m\u00e1s historia con Tigres y ahora est\u00e1 m\u00e1s cerca que nunca, pues los felinos podr\u00edan conseguir el Bicampeonato si derrotan a Chivas en la Final.<\/p>\n<p style=\"text-align: center;\"><span style=\"color: #3366ff;\"><a style=\"color: #3366ff;\" href=\"https:\/\/www.futboltotal.com.mx\/2017\/05\/hugo-sanchez-regresaria-como-entrenador\/\">VER M\u00c1S: Hugo S\u00e1nchez regresar\u00eda como entrenador<\/a><\/span><\/p>\n","protected":false},"excerpt":{"rendered":"<p>El franc\u00e9s estar\u00eda en la mira de dos clubes espa\u00f1oles.<\/p>\n","protected":false},"author":20,"featured_media":480979,"comment_status":"closed","ping_status":"closed","sticky":false,"template":"","format":"standard","meta":[],"categories":[5,7740,3839,2198,3845],"tags":[5564,5973,2607],"_links":{"self":[{"href":"http:\/\/desarrollo.grupomedios.com\/futbol\/wp-json\/wp\/v2\/posts\/480977"}],"collection":[{"href":"http:\/\/desarrollo.grupomedios.com\/futbol\/wp-json\/wp\/v2\/posts"}],"about":[{"href":"http:\/\/desarrollo.grupomedios.com\/futbol\/wp-json\/wp\/v2\/types\/post"}],"author":[{"embeddable":true,"href":"http:\/\/desarrollo.grupomedios.com\/futbol\/wp-json\/wp\/v2\/users\/20"}],"replies":[{"embeddable":true,"href":"http:\/\/desarrollo.grupomedios.com\/futbol\/wp-json\/wp\/v2\/comments?post=480977"}],"version-history":[{"count":1,"href":"http:\/\/desarrollo.grupomedios.com\/futbol\/wp-json\/wp\/v2\/posts\/480977\/revisions"}],"predecessor-version":[{"id":480980,"href":"http:\/\/desarrollo.grupomedios.com\/futbol\/wp-json\/wp\/v2\/posts\/480977\/revisions\/480980"}],"wp:featuredmedia":[{"embeddable":true,"href":"http:\/\/desarrollo.grupomedios.com\/futbol\/wp-json\/wp\/v2\/media\/480979"}],"wp:attachment":[{"href":"http:\/\/desarrollo.grupomedios.com\/futbol\/wp-json\/wp\/v2\/media?parent=480977"}],"wp:term":[{"taxonomy":"category","embeddable":true,"href":"http:\/\/desarrollo.grupomedios.com\/futbol\/wp-json\/wp\/v2\/categories?post=480977"},{"taxonomy":"post_tag","embeddable":true,"href":"http:\/\/desarrollo.grupomedios.com\/futbol\/wp-json\/wp\/v2\/tags?post=480977"}],"curies":[{"name":"wp","href":"https:\/\/api.w.org\/{rel}","templated":true}]}}