{"id":480986,"date":"2017-05-27T15:25:04","date_gmt":"2017-05-27T20:25:04","guid":{"rendered":"https:\/\/www.futboltotal.com.mx\/?p=480986"},"modified":"2017-05-27T15:25:04","modified_gmt":"2017-05-27T20:25:04","slug":"dortmund-impidio-sueno-marco-fabian-eintracht","status":"publish","type":"post","link":"http:\/\/desarrollo.grupomedios.com\/futbol\/destacado-home\/dortmund-impidio-sueno-marco-fabian-eintracht\/2017\/05","title":{"rendered":"Dortmund impidi\u00f3 sue\u00f1o de Marco Fabi\u00e1n y el Eintracht"},"content":{"rendered":"<p>El<strong> Borussia Dortmund<\/strong> gan\u00f3 hoy la Copa de Alemania al imponerse al <strong>Eintracht Frankfurt<\/strong> de <strong>Marco Fabi\u00e1n<\/strong> con marcador de 1-2 en la Final disputada en el Estadio Ol\u00edmpico de Berl\u00edn.<\/p>\n<blockquote class=\"twitter-tweet\" data-width=\"500\">\n<p lang=\"es\" dir=\"ltr\">90+4&#39; Final: <a href=\"https:\/\/twitter.com\/hashtag\/SGEBVB?src=hash\">#SGEBVB<\/a> 1-2. <a href=\"https:\/\/twitter.com\/hashtag\/Eintracht?src=hash\">#Eintracht<\/a> se entreg\u00f3 de principio a fin.<\/p>\n<p>\u00a1Gracias a toda la afici\u00f3n por su inmenso apoyo y cari\u00f1o! \u26ab\ufe0f\u26aa\ufe0f\u2764\ufe0f <a href=\"https:\/\/t.co\/F9QouPb6Bi\">pic.twitter.com\/F9QouPb6Bi<\/a><\/p>\n<p>&mdash; eintracht_esp (@eintracht_esp) <a href=\"https:\/\/twitter.com\/eintracht_esp\/status\/868556431167025156\">May 27, 2017<\/a><\/p><\/blockquote>\n<p><script async src=\"\/\/platform.twitter.com\/widgets.js\" charset=\"utf-8\"><\/script><\/p>\n<p>Ousmane Dembel\u00e9 abri\u00f3 el marcador para el <strong>Dortmund<\/strong> en el minuto 8 con un remate con la pierna izquierda dentro del \u00e1rea a pase del polaco Lucasz Piszczek.<\/p>\n<p style=\"text-align: center;\"><span style=\"color: #3366ff;\"><a style=\"color: #3366ff;\" href=\"https:\/\/www.futboltotal.com.mx\/2017\/05\/villarreal-tendria-en-la-mira-a-andre-pierre-gignac\/\">VER M\u00c1S: Villarreal tendr\u00eda en la mira a Andr\u00e9-Pierre Gignac<\/a><\/span><\/p>\n<p>El minuto 29 el<strong> Eintracht<\/strong> logr\u00f3 el empate parcial con gol de Ante Rebic y estuvo a punto de irse en ventaja antes del descanso con un remate al poste de Seferovic.<\/p>\n<p>En la segunda parte el <strong>Dortmund<\/strong> tom\u00f3 el control del partido y despu\u00e9s de tener varias ocasiones logr\u00f3 el gol de la victoria con un penalti convertido por Pierre Emerick Aubameyang en el minuto 67.EFE<\/p>\n<p style=\"text-align: center;\"><span style=\"color: #3366ff;\"><a style=\"color: #3366ff;\" href=\"https:\/\/www.futboltotal.com.mx\/2017\/05\/america-cruz-azul-van-una-las-joyas-pachuca\/\">VER M\u00c1S: Am\u00e9rica y Cruz Azul van por una de las joyas de Pachuca<\/a><\/span><\/p>\n<p><iframe loading=\"lazy\" src=\"https:\/\/www.youtube.com\/embed\/Nb8hhCNKcj8?feature=oembed\" frameborder=\"0\" allowfullscreen><\/iframe><\/p>\n","protected":false},"excerpt":{"rendered":"<p>El mexicano no pudo ayudar a su equipo con el triunfo.<\/p>\n","protected":false},"author":144,"featured_media":480987,"comment_status":"closed","ping_status":"closed","sticky":false,"template":"","format":"standard","meta":[],"categories":[5,3839],"tags":[3588,6214,131],"_links":{"self":[{"href":"http:\/\/desarrollo.grupomedios.com\/futbol\/wp-json\/wp\/v2\/posts\/480986"}],"collection":[{"href":"http:\/\/desarrollo.grupomedios.com\/futbol\/wp-json\/wp\/v2\/posts"}],"about":[{"href":"http:\/\/desarrollo.grupomedios.com\/futbol\/wp-json\/wp\/v2\/types\/post"}],"author":[{"embeddable":true,"href":"http:\/\/desarrollo.grupomedios.com\/futbol\/wp-json\/wp\/v2\/users\/144"}],"replies":[{"embeddable":true,"href":"http:\/\/desarrollo.grupomedios.com\/futbol\/wp-json\/wp\/v2\/comments?post=480986"}],"version-history":[{"count":1,"href":"http:\/\/desarrollo.grupomedios.com\/futbol\/wp-json\/wp\/v2\/posts\/480986\/revisions"}],"predecessor-version":[{"id":480988,"href":"http:\/\/desarrollo.grupomedios.com\/futbol\/wp-json\/wp\/v2\/posts\/480986\/revisions\/480988"}],"wp:featuredmedia":[{"embeddable":true,"href":"http:\/\/desarrollo.grupomedios.com\/futbol\/wp-json\/wp\/v2\/media\/480987"}],"wp:attachment":[{"href":"http:\/\/desarrollo.grupomedios.com\/futbol\/wp-json\/wp\/v2\/media?parent=480986"}],"wp:term":[{"taxonomy":"category","embeddable":true,"href":"http:\/\/desarrollo.grupomedios.com\/futbol\/wp-json\/wp\/v2\/categories?post=480986"},{"taxonomy":"post_tag","embeddable":true,"href":"http:\/\/desarrollo.grupomedios.com\/futbol\/wp-json\/wp\/v2\/tags?post=480986"}],"curies":[{"name":"wp","href":"https:\/\/api.w.org\/{rel}","templated":true}]}}