{"id":481006,"date":"2017-05-27T16:43:51","date_gmt":"2017-05-27T21:43:51","guid":{"rendered":"https:\/\/www.futboltotal.com.mx\/?p=481006"},"modified":"2017-05-27T16:46:47","modified_gmt":"2017-05-27T21:46:47","slug":"resultados-final-copa-del-rey-barcelona-3-1-alaves","status":"publish","type":"post","link":"http:\/\/desarrollo.grupomedios.com\/futbol\/destacado-home\/resultados-final-copa-del-rey-barcelona-3-1-alaves\/2017\/05","title":{"rendered":"Barcelona despide a Luis Enrique con el t\u00edtulo de la Copa del Rey"},"content":{"rendered":"<p>El argentino Lionel Messi y el brasile\u00f1o Neymar, con un gol cada uno y una asistencia cada uno, lideraron la vig\u00e9simo novena Copa del Rey de la historia del <strong>Barcelona<\/strong>, resuelta al borde del descanso, impulsada por dos jugadores imparables, tambi\u00e9n este s\u00e1bado para un Alav\u00e9s que nunca desisti\u00f3 de la haza\u00f1a.<\/p>\n<blockquote class=\"twitter-tweet\" data-lang=\"es\">\n<p dir=\"ltr\" lang=\"pt\">&#x1f3c6; <a href=\"https:\/\/twitter.com\/hashtag\/CampionsFCB?src=hash\">#CampionsFCB<\/a><br \/>\n&#x1f535;&#x1f534; For\u00e7a Bar\u00e7a! <a href=\"https:\/\/t.co\/PfyT28AGjP\">pic.twitter.com\/PfyT28AGjP<\/a><\/p>\n<p>\u2014 FC Barcelona (@FCBarcelona_es) <a href=\"https:\/\/twitter.com\/FCBarcelona_es\/status\/868579585792856067\">27 de mayo de 2017<\/a><\/p><\/blockquote>\n<p><script async src=\"\/\/platform.twitter.com\/widgets.js\" charset=\"utf-8\"><\/script><\/p>\n<p>P\u00e9rdida la Liga y eliminado en cuartos de la Champions League esta temporada, la tercera Copa seguida del equipo azulgrana cierra la era Luis Enrique con un t\u00edtulo m\u00e1s, un consuelo para un conjunto sin ning\u00fan trofeo en las dos grandes competiciones de este curso, lejos de los objetivos que se exige siempre en cada nuevo proyecto.<\/p>\n<p>Hubo partido hasta los \u00faltimos instantes del primer tiempo. Hasta ah\u00ed resisti\u00f3 el Alav\u00e9s, hasta ah\u00ed no lo vio tan claro el Barcelona, pero despu\u00e9s s\u00ed, con el 3-1 con el que lleg\u00f3 al descanso, lanzado por sus dos hombres m\u00e1s desbordantes, por su eficacia imponente y por un talento que casi siempre sale ganador:<strong> Lionel Messi<\/strong> y <strong>Neymar<\/strong>.<\/p>\n<p style=\"text-align: center;\"><span style=\"color: #3366ff;\"><a style=\"color: #3366ff;\" href=\"https:\/\/www.futboltotal.com.mx\/2017\/05\/hugo-sanchez-regresaria-como-entrenador\/\">VER M\u00c1S: Hugo S\u00e1nchez regresar\u00eda como entrenador<\/a><\/span><\/p>\n<p>Entre los dos surgi\u00f3 el 1-0 a la media hora. No hab\u00eda tenido casi ocasiones hasta entonces el Barcelona, s\u00f3lo un cabezazo desviado de Jordi Alba y un toque fortuito de Paco Alc\u00e1cer que repeli\u00f3 Pacheco; le hab\u00eda contenido con rigor t\u00e1ctico, solidaridad e \u00edmpetu en cada bal\u00f3n el Alav\u00e9s, incluso con un disparo de Ibai G\u00f3mez al poste y varios trepidantes contragolpes, hasta que irrumpi\u00f3 de verdad <strong>Messi<\/strong>.<\/p>\n<p>No hubo respuesta posible entonces, ni para todos los defensas ni para Pacheco, pero s\u00ed dos minutos despu\u00e9s en el otro \u00e1rea, porque el Alav\u00e9s dispone de futbolistas que apuntan alt\u00edsimo, como Theo Hern\u00e1ndez. Pronto en el Real Madrid, antes de ese salto marc\u00f3 el 1-1 con un zurdazo de falta directa. Tuvo m\u00e9rito su tiro; tanto, quiz\u00e1, como dem\u00e9rito Cillesen, porque iba a su palo y ven\u00eda desde lejos.<\/p>\n<p style=\"text-align: center;\"><span style=\"color: #3366ff;\"><a style=\"color: #3366ff;\" href=\"https:\/\/www.futboltotal.com.mx\/2017\/05\/villarreal-tendria-en-la-mira-a-andre-pierre-gignac\/\">VER M\u00c1S: Villarreal tendr\u00eda en la mira a Andr\u00e9-Pierre Gignac<\/a><\/span><\/p>\n<p>Un contratiempo para el <em>Bar\u00e7a<\/em>, como lo hab\u00eda sido la lesi\u00f3n de Mascherano, con un golpe en la cabeza con s\u00f3lo siete minutos jugados y reemplazado en el lateral derecho por Andr\u00e9 Gomes, pero del que sali\u00f3, previo susto en un testarazo de Deyverson, ya definitivamente rumbo a la victoria con el 2-1, iniciado y culminado por Neymar.<\/p>\n<p>Protest\u00f3 el Alav\u00e9s la posici\u00f3n del brasile\u00f1o en el remate final, al borde del cierre del primer tiempo, en el que a\u00fan hubo tiempo para otra genialidad de <strong>Messi<\/strong>, una m\u00e1s de las miles que ha ofrecido en su carrera. Su jugada y, sobre todo, su pase al desmarque de Paco Alc\u00e1cer, que bati\u00f3 a Pacheco, zanjaron la final, ya sin matices.<\/p>\n<p>Y con Messi, el futbolista m\u00e1s decisivo del mundo; este s\u00e1bado una vez m\u00e1s, para liderar el en\u00e9simo t\u00edtulo del club azulgrana en los \u00faltimos tiempos y aliviar, a la vez, una temporada por debajo de las expectativas.<\/p>\n<p><iframe loading=\"lazy\" src=\"https:\/\/www.youtube.com\/embed\/h1C7nIgjKp4?feature=oembed\" frameborder=\"0\" allowfullscreen><\/iframe><\/p>\n","protected":false},"excerpt":{"rendered":"<p>Luis Enrique se despidi\u00f3 del Barcelona ganando su noveno t\u00edtulo.<\/p>\n","protected":false},"author":144,"featured_media":481007,"comment_status":"closed","ping_status":"closed","sticky":false,"template":"","format":"standard","meta":[],"categories":[5,3839],"tags":[5984,96,7273,6012,4051,6001],"_links":{"self":[{"href":"http:\/\/desarrollo.grupomedios.com\/futbol\/wp-json\/wp\/v2\/posts\/481006"}],"collection":[{"href":"http:\/\/desarrollo.grupomedios.com\/futbol\/wp-json\/wp\/v2\/posts"}],"about":[{"href":"http:\/\/desarrollo.grupomedios.com\/futbol\/wp-json\/wp\/v2\/types\/post"}],"author":[{"embeddable":true,"href":"http:\/\/desarrollo.grupomedios.com\/futbol\/wp-json\/wp\/v2\/users\/144"}],"replies":[{"embeddable":true,"href":"http:\/\/desarrollo.grupomedios.com\/futbol\/wp-json\/wp\/v2\/comments?post=481006"}],"version-history":[{"count":1,"href":"http:\/\/desarrollo.grupomedios.com\/futbol\/wp-json\/wp\/v2\/posts\/481006\/revisions"}],"predecessor-version":[{"id":481010,"href":"http:\/\/desarrollo.grupomedios.com\/futbol\/wp-json\/wp\/v2\/posts\/481006\/revisions\/481010"}],"wp:featuredmedia":[{"embeddable":true,"href":"http:\/\/desarrollo.grupomedios.com\/futbol\/wp-json\/wp\/v2\/media\/481007"}],"wp:attachment":[{"href":"http:\/\/desarrollo.grupomedios.com\/futbol\/wp-json\/wp\/v2\/media?parent=481006"}],"wp:term":[{"taxonomy":"category","embeddable":true,"href":"http:\/\/desarrollo.grupomedios.com\/futbol\/wp-json\/wp\/v2\/categories?post=481006"},{"taxonomy":"post_tag","embeddable":true,"href":"http:\/\/desarrollo.grupomedios.com\/futbol\/wp-json\/wp\/v2\/tags?post=481006"}],"curies":[{"name":"wp","href":"https:\/\/api.w.org\/{rel}","templated":true}]}}