{"id":481047,"date":"2017-05-27T21:43:11","date_gmt":"2017-05-28T02:43:11","guid":{"rendered":"https:\/\/www.futboltotal.com.mx\/?p=481047"},"modified":"2017-05-28T16:31:10","modified_gmt":"2017-05-28T21:31:10","slug":"megacable-toma-medidas-en-contra-chivas","status":"publish","type":"post","link":"http:\/\/desarrollo.grupomedios.com\/futbol\/futbol-mexicano\/megacable-toma-medidas-en-contra-chivas\/2017\/05","title":{"rendered":"\u00a1Megacable toma medidas en contra de Chivas!"},"content":{"rendered":"<p style=\"text-align: center;\"><a style=\"color: #3366ff;\" href=\"https:\/\/en-vivo.futboltotal.com.mx\/partido\/chivas-vs-tigres-final-vuelta-clausura-2017\/107\/\" target=\"_blank\" rel=\"noopener noreferrer\"><strong>DA CLICK AQU\u00cd Y SIGUE MIN. A MIN. EL GUADALAJARA VS. UANL<\/strong><\/a><\/p>\n<p>A trav\u00e9s de un comunicado emitido por Twitter, <strong>Megacable<\/strong> aclar\u00f3 un problema que tuvo con el Guadalajara, pues el <em>Reba\u00f1o Sagrado<\/em> hab\u00eda insistido en que el juego de la Final era en exclusiva por <strong>Chivas TV<\/strong> y por la cadena TDN, as\u00ed que advert\u00eda a los usuarios, que no cayeran en enga\u00f1os de la compa\u00f1\u00eda de televisi\u00f3n de paga, a quien acusaban de vender el partido, a trav\u00e9s de su sistema.<\/p>\n<blockquote class=\"twitter-tweet\" data-lang=\"es\">\n<p dir=\"ltr\" lang=\"pt\">Comunicado Oficial <a href=\"https:\/\/t.co\/nVP8afjezj\">pic.twitter.com\/nVP8afjezj<\/a><\/p>\n<p>\u2014 ChivasTV (@chivastvmx) <a href=\"https:\/\/twitter.com\/chivastvmx\/status\/868293332748951554\">27 de mayo de 2017<\/a><\/p><\/blockquote>\n<p><script async src=\"\/\/platform.twitter.com\/widgets.js\" charset=\"utf-8\"><\/script><\/p>\n<p style=\"text-align: center;\"><span style=\"color: #3366ff;\"><a style=\"color: #3366ff;\" href=\"https:\/\/www.futboltotal.com.mx\/2017\/05\/en-vivo-chivas-vs-tigres-final-vuelta-clausura-2017\/\" target=\"_blank\" rel=\"noopener noreferrer\"><strong>VER M\u00c1S: EN VIVO | Chivas vs Tigres | La Final de Vuelta<\/strong><\/a><\/span><\/p>\n<p>Sin embargo, <strong>Megacable<\/strong> aclar\u00f3 que nunca pens\u00f3 en transmitir el partido sino que estaba vendiendo c\u00f3digos que legalmente hab\u00eda obtenido, para que la gente pudiese ver la final entre el Guadalajara y Tigres, a trav\u00e9s de <strong>Chivas TV<\/strong>; as\u00ed que, tras aclarar todos los puntos, la compa\u00f1\u00eda tomar\u00e1 medidas legales contra el <em>Reba\u00f1o Sagrado<\/em>.<\/p>\n<blockquote class=\"twitter-tweet\" data-lang=\"es\">\n<p dir=\"ltr\" lang=\"es\">\u26a0 Respecto a la pol\u00e9mica generada en torno a su marca, Megacable desea hacer de su conocimiento la siguiente informaci\u00f3n. <a href=\"https:\/\/t.co\/7tQXpiTnh4\">pic.twitter.com\/7tQXpiTnh4<\/a><\/p>\n<p>\u2014 Megacable (@Megacable) <a href=\"https:\/\/twitter.com\/Megacable\/status\/868508405958406144\">27 de mayo de 2017<\/a><\/p><\/blockquote>\n<p><script async src=\"\/\/platform.twitter.com\/widgets.js\" charset=\"utf-8\"><\/script><\/p>\n<p style=\"text-align: center;\"><span style=\"color: #3366ff;\"><a style=\"color: #3366ff;\" href=\"https:\/\/www.futboltotal.com.mx\/2017\/05\/chivas-campeon-liga-mx-sub-20\/\" target=\"_blank\" rel=\"noopener noreferrer\"><strong>VER M\u00c1S: Chivas ya gan\u00f3 la Final de la Liga MX<\/strong><\/a><\/span><\/p>\n<p>S\u00edguenos en Twitter: <a href=\"https:\/\/twitter.com\/MXFutbolTotal\" target=\"_blank\" rel=\"noopener noreferrer\">@MXFutbolTotal<\/a><\/p>\n","protected":false},"excerpt":{"rendered":"<p>La compa\u00f1\u00eda de televisi\u00f3n de paga aclara lo ocurrido con su promoci\u00f3n al p\u00fablico.<\/p>\n","protected":false},"author":20,"featured_media":481048,"comment_status":"closed","ping_status":"closed","sticky":false,"template":"","format":"standard","meta":[],"categories":[5419,2198,3845],"tags":[5460,7110],"_links":{"self":[{"href":"http:\/\/desarrollo.grupomedios.com\/futbol\/wp-json\/wp\/v2\/posts\/481047"}],"collection":[{"href":"http:\/\/desarrollo.grupomedios.com\/futbol\/wp-json\/wp\/v2\/posts"}],"about":[{"href":"http:\/\/desarrollo.grupomedios.com\/futbol\/wp-json\/wp\/v2\/types\/post"}],"author":[{"embeddable":true,"href":"http:\/\/desarrollo.grupomedios.com\/futbol\/wp-json\/wp\/v2\/users\/20"}],"replies":[{"embeddable":true,"href":"http:\/\/desarrollo.grupomedios.com\/futbol\/wp-json\/wp\/v2\/comments?post=481047"}],"version-history":[{"count":2,"href":"http:\/\/desarrollo.grupomedios.com\/futbol\/wp-json\/wp\/v2\/posts\/481047\/revisions"}],"predecessor-version":[{"id":481105,"href":"http:\/\/desarrollo.grupomedios.com\/futbol\/wp-json\/wp\/v2\/posts\/481047\/revisions\/481105"}],"wp:featuredmedia":[{"embeddable":true,"href":"http:\/\/desarrollo.grupomedios.com\/futbol\/wp-json\/wp\/v2\/media\/481048"}],"wp:attachment":[{"href":"http:\/\/desarrollo.grupomedios.com\/futbol\/wp-json\/wp\/v2\/media?parent=481047"}],"wp:term":[{"taxonomy":"category","embeddable":true,"href":"http:\/\/desarrollo.grupomedios.com\/futbol\/wp-json\/wp\/v2\/categories?post=481047"},{"taxonomy":"post_tag","embeddable":true,"href":"http:\/\/desarrollo.grupomedios.com\/futbol\/wp-json\/wp\/v2\/tags?post=481047"}],"curies":[{"name":"wp","href":"https:\/\/api.w.org\/{rel}","templated":true}]}}