{"id":481186,"date":"2017-05-28T22:04:26","date_gmt":"2017-05-29T03:04:26","guid":{"rendered":"https:\/\/www.futboltotal.com.mx\/?p=481186"},"modified":"2017-05-28T23:15:27","modified_gmt":"2017-05-29T04:15:27","slug":"gallito-vazquez-con-huevos-trabajo-chivas-es-campeon","status":"publish","type":"post","link":"http:\/\/desarrollo.grupomedios.com\/futbol\/futbol-mexicano\/gallito-vazquez-con-huevos-trabajo-chivas-es-campeon\/2017\/05","title":{"rendered":"&#8216;Gallito&#8217; V\u00e1zquez: &#8220;Con huevos y trabajo Chivas es campe\u00f3n&#8221;"},"content":{"rendered":"<p><strong>Jos\u00e9 Juan <em>Gallito<\/em> V\u00e1zquez<\/strong> habl\u00f3 al t\u00e9rmino de la final de vuelta en la que <a href=\"https:\/\/www.futboltotal.com.mx\/2017\/05\/resultado-liga-mx-chivas-2-1-tigres-clausura-2017\/\" target=\"_blank\" rel=\"noopener noreferrer\"><span style=\"color: #333399;\"><strong>Chivas<\/strong> se coron\u00f3 campe\u00f3n del <strong>Clausura 2017<\/strong> de la Liga MX<\/span><\/a> tras imponerse a <strong>Tigres<\/strong>, y destac\u00f3 el coraje y entrega del <strong><em>Reba\u00f1o<\/em><\/strong>.<\/p>\n<p>&#8220;Fue un momento en el que explot\u00e9, fue indescriptible lo que sent\u00ed, la verdad. M\u00e1s con este equipo que son los mejores de <strong>M\u00e9xico <\/strong>y m\u00e1s con hue&#8230; y trabajo somos <strong>Campeones<\/strong>&#8220;, dijo el mediocampista de los R<strong>ojiblancos<\/strong>.<\/p>\n<p style=\"text-align: center;\"><a href=\"https:\/\/www.futboltotal.com.mx\/2017\/05\/le-perdonaron-a-chivas-penal-vs-tigres-ultimo-minuto\/\" target=\"_blank\" rel=\"noopener noreferrer\"><span style=\"color: #333399;\">VER M\u00c1S: \u00a1Le perdonaron a Chivas penal de \u00faltimo minuto en la final!<\/span><\/a><\/p>\n<p>El <strong><em>Gallito<\/em> <\/strong>se refiri\u00f3 al gol que marc\u00f3 para el 2-0 parcial, anotaci\u00f3n con la que el <strong>Guadalajara<\/strong> asegur\u00f3 el <strong>t\u00edtulo de Liga n\u00famero 12<\/strong> en su historia, con el que empata en esta casilla al <strong>Am\u00e9rica<\/strong>.<\/p>\n<p>&#8220;Este t\u00edtulo no es nada m\u00e1s para la gente que nos vino a ver, es para los <strong>40 millones<\/strong> de aficionados que tenemos&#8221;, dijo un emocionado V\u00e1zquez.<\/p>\n<p style=\"text-align: center;\"><a href=\"https:\/\/www.futboltotal.com.mx\/2017\/05\/ponce-le-da-zape-a-duenas-casi-se-arman-los-golpes-en-la-final\/\" target=\"_blank\" rel=\"noopener noreferrer\"><span style=\"color: #333399;\">VER M\u00c1S: Ponce le da zape a Due\u00f1as y casi se arman los golpes en la final<\/span><\/a><\/p>\n<p>&nbsp;<\/p>\n<blockquote class=\"twitter-video\" data-lang=\"es\">\n<p dir=\"ltr\" lang=\"es\"><a href=\"https:\/\/twitter.com\/hashtag\/PorSiNoLoViste?src=hash\">#PorSiNoLoViste<\/a> Gol de &#8216;Gallito&#8217; V\u00e1zquez <a href=\"https:\/\/twitter.com\/Chivas\">@Chivas<\/a> (4) 2-0 (2) <a href=\"https:\/\/twitter.com\/TigresOficial\">@TigresOficial<\/a> <a href=\"https:\/\/twitter.com\/hashtag\/SienteTuLiga?src=hash\">#SienteTuLiga<\/a> <a href=\"https:\/\/twitter.com\/hashtag\/GranFinal?src=hash\">#GranFinal<\/a> VUELTA <a href=\"https:\/\/twitter.com\/hashtag\/Clausura2017?src=hash\">#Clausura2017<\/a> <a href=\"https:\/\/twitter.com\/hashtag\/SienteTuLiga?src=hash\">#SienteTuLiga<\/a> <a href=\"https:\/\/t.co\/EEwXb0cnY9\">pic.twitter.com\/EEwXb0cnY9<\/a><\/p>\n<p>\u2014 LIGA Bancomer MX (@LIGABancomerMX) <a href=\"https:\/\/twitter.com\/LIGABancomerMX\/status\/868993335628881920\">29 de mayo de 2017<\/a><\/p><\/blockquote>\n<p><script async src=\"\/\/platform.twitter.com\/widgets.js\" charset=\"utf-8\"><\/script><\/p>\n","protected":false},"excerpt":{"rendered":"<p>El Gallito V\u00e1zquez habl\u00f3 durante los festejos del t\u00edtulo obtenido sobre Tigres.<\/p>\n","protected":false},"author":20,"featured_media":481202,"comment_status":"closed","ping_status":"closed","sticky":false,"template":"","format":"standard","meta":[],"categories":[2198,3845],"tags":[70,7732,1752,4505,64,1168,5973],"_links":{"self":[{"href":"http:\/\/desarrollo.grupomedios.com\/futbol\/wp-json\/wp\/v2\/posts\/481186"}],"collection":[{"href":"http:\/\/desarrollo.grupomedios.com\/futbol\/wp-json\/wp\/v2\/posts"}],"about":[{"href":"http:\/\/desarrollo.grupomedios.com\/futbol\/wp-json\/wp\/v2\/types\/post"}],"author":[{"embeddable":true,"href":"http:\/\/desarrollo.grupomedios.com\/futbol\/wp-json\/wp\/v2\/users\/20"}],"replies":[{"embeddable":true,"href":"http:\/\/desarrollo.grupomedios.com\/futbol\/wp-json\/wp\/v2\/comments?post=481186"}],"version-history":[{"count":3,"href":"http:\/\/desarrollo.grupomedios.com\/futbol\/wp-json\/wp\/v2\/posts\/481186\/revisions"}],"predecessor-version":[{"id":481218,"href":"http:\/\/desarrollo.grupomedios.com\/futbol\/wp-json\/wp\/v2\/posts\/481186\/revisions\/481218"}],"wp:featuredmedia":[{"embeddable":true,"href":"http:\/\/desarrollo.grupomedios.com\/futbol\/wp-json\/wp\/v2\/media\/481202"}],"wp:attachment":[{"href":"http:\/\/desarrollo.grupomedios.com\/futbol\/wp-json\/wp\/v2\/media?parent=481186"}],"wp:term":[{"taxonomy":"category","embeddable":true,"href":"http:\/\/desarrollo.grupomedios.com\/futbol\/wp-json\/wp\/v2\/categories?post=481186"},{"taxonomy":"post_tag","embeddable":true,"href":"http:\/\/desarrollo.grupomedios.com\/futbol\/wp-json\/wp\/v2\/tags?post=481186"}],"curies":[{"name":"wp","href":"https:\/\/api.w.org\/{rel}","templated":true}]}}