{"id":481187,"date":"2017-05-28T21:30:30","date_gmt":"2017-05-29T02:30:30","guid":{"rendered":"https:\/\/www.futboltotal.com.mx\/?p=481187"},"modified":"2017-05-28T21:34:41","modified_gmt":"2017-05-29T02:34:41","slug":"ricardinho-unico-extranjero-campeon-del-futbol-mexicano","status":"publish","type":"post","link":"http:\/\/desarrollo.grupomedios.com\/futbol\/futbol-mexicano\/ricardinho-unico-extranjero-campeon-del-futbol-mexicano\/2017\/05","title":{"rendered":"\u00a1\u00bfRicardinho, el \u00fanico extranjero campe\u00f3n del futbol mexicano?!"},"content":{"rendered":"<p>Este domingo 28 de mayo, <strong>Chivas<\/strong> venci\u00f3 a Tigres en la Final del Clausura 2017 para proclamarse campe\u00f3n de la Liga MX; curiosamente, este evento provoc\u00f3 que los jugadores nacidos en M\u00e9xico fueran los m\u00e1s exitosos tras el primer semestre del a\u00f1o, pues solo dos jugadores extranjeros, levantaron el t\u00edtulo, entre las m\u00e1ximas categor\u00edas del balompi\u00e9 nacional, lo que fue un duro golpe a la regla 10-8, que culmina su r\u00e9gimen.<\/p>\n<p><a href=\"https:\/\/www.futboltotal.com.mx\/wp-content\/uploads\/2017\/05\/Chivas-campeon-del-Clausura-2017.jpg\"><img decoding=\"async\" loading=\"lazy\" class=\"alignnone size-full wp-image-481163\" src=\"https:\/\/www.futboltotal.com.mx\/wp-content\/uploads\/2017\/05\/Chivas-campeon-del-Clausura-2017.jpg\" alt=\"\u00a1\u00bfRicardinho, el \u00fanico extranjero campe\u00f3n del futbol mexicano?! 0\" srcset=\"http:\/\/desarrollo.grupomedios.com\/futbol\/wp-content\/uploads\/2017\/05\/Chivas-campeon-del-Clausura-2017.jpg 1136w, http:\/\/desarrollo.grupomedios.com\/futbol\/wp-content\/uploads\/2017\/05\/Chivas-campeon-del-Clausura-2017-300x169.jpg 300w, http:\/\/desarrollo.grupomedios.com\/futbol\/wp-content\/uploads\/2017\/05\/Chivas-campeon-del-Clausura-2017-768x432.jpg 768w, http:\/\/desarrollo.grupomedios.com\/futbol\/wp-content\/uploads\/2017\/05\/Chivas-campeon-del-Clausura-2017-1024x576.jpg 1024w, http:\/\/desarrollo.grupomedios.com\/futbol\/wp-content\/uploads\/2017\/05\/Chivas-campeon-del-Clausura-2017-317x178.jpg 317w, http:\/\/desarrollo.grupomedios.com\/futbol\/wp-content\/uploads\/2017\/05\/Chivas-campeon-del-Clausura-2017-535x301.jpg 535w, http:\/\/desarrollo.grupomedios.com\/futbol\/wp-content\/uploads\/2017\/05\/Chivas-campeon-del-Clausura-2017-374x210.jpg 374w\" sizes=\"(max-width: 1136px) 100vw, 1136px\" \/><\/a><\/p>\n<p style=\"text-align: center;\"><span style=\"color: #3366ff;\"><a style=\"color: #3366ff;\" href=\"https:\/\/www.futboltotal.com.mx\/2017\/05\/resultado-liga-mx-chivas-2-1-tigres-clausura-2017\/\" target=\"_blank\" rel=\"noopener noreferrer\"><strong>VER M\u00c1S: Chivas gana la 12 y nuevamente, la grandeza de la Liga MX es compartida<\/strong><\/a><\/span><\/p>\n<p>Los dos torneos de la Primera Divisi\u00f3n, fueron ganados por <strong>Chivas<\/strong>, quien tiene en su plantel, \u00fanicamente a jugadores mexicanos; en cuanto al <em>Circuito de Plata<\/em>, el torneo de Clausura 2017 fue ganado por Lobos BUAP, de igual forma que la Final de Ascenso; por lo que Richard Okunorobo, Ricardinho, \u00fanico for\u00e1neo en el cuadro lic\u00e1ntropo, se convirti\u00f3 en el \u00fanico extranjero en festejar un campeonato, entre las dos categor\u00edas de mayor importancia en el pa\u00eds.<\/p>\n<p><a href=\"https:\/\/www.futboltotal.com.mx\/wp-content\/uploads\/2017\/05\/lobos-buap-asciende-a-primera-division.jpg\"><img decoding=\"async\" loading=\"lazy\" class=\"alignnone size-full wp-image-479945\" src=\"https:\/\/www.futboltotal.com.mx\/wp-content\/uploads\/2017\/05\/lobos-buap-asciende-a-primera-division.jpg\" alt=\"\u00a1\u00bfRicardinho, el \u00fanico extranjero campe\u00f3n del futbol mexicano?! 1\" srcset=\"http:\/\/desarrollo.grupomedios.com\/futbol\/wp-content\/uploads\/2017\/05\/lobos-buap-asciende-a-primera-division.jpg 1136w, http:\/\/desarrollo.grupomedios.com\/futbol\/wp-content\/uploads\/2017\/05\/lobos-buap-asciende-a-primera-division-300x169.jpg 300w, http:\/\/desarrollo.grupomedios.com\/futbol\/wp-content\/uploads\/2017\/05\/lobos-buap-asciende-a-primera-division-768x432.jpg 768w, http:\/\/desarrollo.grupomedios.com\/futbol\/wp-content\/uploads\/2017\/05\/lobos-buap-asciende-a-primera-division-1024x576.jpg 1024w, http:\/\/desarrollo.grupomedios.com\/futbol\/wp-content\/uploads\/2017\/05\/lobos-buap-asciende-a-primera-division-317x178.jpg 317w, http:\/\/desarrollo.grupomedios.com\/futbol\/wp-content\/uploads\/2017\/05\/lobos-buap-asciende-a-primera-division-535x301.jpg 535w, http:\/\/desarrollo.grupomedios.com\/futbol\/wp-content\/uploads\/2017\/05\/lobos-buap-asciende-a-primera-division-374x210.jpg 374w\" sizes=\"(max-width: 1136px) 100vw, 1136px\" \/><\/a><\/p>\n<p style=\"text-align: center;\"><span style=\"color: #3366ff;\"><a style=\"color: #3366ff;\" href=\"https:\/\/www.futboltotal.com.mx\/2017\/05\/megacable-toma-medidas-en-contra-chivas\/\" target=\"_blank\" rel=\"noopener noreferrer\"><strong>VER M\u00c1S: Compa\u00f1\u00eda de cable, tomar\u00eda medidas contra el Reba\u00f1o<\/strong><\/a><\/span><\/p>\n<p>Por su parte, la Liga MX en su categor\u00eda Sub-20 fue ganada por <strong>Chivas<\/strong>, que obviamente en sus Fuerzas B\u00e1sicas tambi\u00e9n tiene plantel de origen <em>azteca<\/em>; mientras que la categor\u00eda Sub-17 tuvo como campe\u00f3n a <em>Rayados<\/em> de Monterrey, quien tambi\u00e9n posee \u00fanicamente a mexicanos en dicho torneo de l\u00edmite de edad.<\/p>\n<p><a href=\"https:\/\/www.futboltotal.com.mx\/wp-content\/uploads\/2017\/05\/chivas-campeon-de-liga-mx-sub-20.jpg\"><img decoding=\"async\" loading=\"lazy\" class=\"alignnone size-full wp-image-481030\" src=\"https:\/\/www.futboltotal.com.mx\/wp-content\/uploads\/2017\/05\/chivas-campeon-de-liga-mx-sub-20.jpg\" alt=\"Chivas\" srcset=\"http:\/\/desarrollo.grupomedios.com\/futbol\/wp-content\/uploads\/2017\/05\/chivas-campeon-de-liga-mx-sub-20.jpg 1136w, http:\/\/desarrollo.grupomedios.com\/futbol\/wp-content\/uploads\/2017\/05\/chivas-campeon-de-liga-mx-sub-20-300x169.jpg 300w, http:\/\/desarrollo.grupomedios.com\/futbol\/wp-content\/uploads\/2017\/05\/chivas-campeon-de-liga-mx-sub-20-768x432.jpg 768w, http:\/\/desarrollo.grupomedios.com\/futbol\/wp-content\/uploads\/2017\/05\/chivas-campeon-de-liga-mx-sub-20-1024x576.jpg 1024w, http:\/\/desarrollo.grupomedios.com\/futbol\/wp-content\/uploads\/2017\/05\/chivas-campeon-de-liga-mx-sub-20-317x178.jpg 317w, http:\/\/desarrollo.grupomedios.com\/futbol\/wp-content\/uploads\/2017\/05\/chivas-campeon-de-liga-mx-sub-20-535x301.jpg 535w, http:\/\/desarrollo.grupomedios.com\/futbol\/wp-content\/uploads\/2017\/05\/chivas-campeon-de-liga-mx-sub-20-374x210.jpg 374w\" sizes=\"(max-width: 1136px) 100vw, 1136px\" \/><\/a><\/p>\n<p>Incluso, si incluimos a la Liga Premier de la Segunda Divisi\u00f3n, el campe\u00f3n Coyotes de Tlaxcala, quien se convirti\u00f3 tambi\u00e9n en campe\u00f3n de Ascenso de forma directa por ganar los dos torneos; solo cuenta con un extranjero en sus filas: el colombiano, Boris Palacios.<\/p>\n<p style=\"text-align: center;\"><span style=\"color: #3366ff;\"><a style=\"color: #3366ff;\" href=\"https:\/\/www.futboltotal.com.mx\/2017\/05\/le-perdonaron-a-chivas-penal-vs-tigres-ultimo-minuto\/\" target=\"_blank\" rel=\"noopener noreferrer\"><strong>VER M\u00c1S: \u00c1rbitro perdona penal al Guadalajara, en cierre de partido<\/strong><\/a><\/span><\/p>\n<p>S\u00edguenos en Twitter: <a href=\"https:\/\/twitter.com\/MXFutbolTotal\" target=\"_blank\" rel=\"noopener noreferrer\">@MXFutbolTotal<\/a><\/p>\n","protected":false},"excerpt":{"rendered":"<p>Si se incluye la 2da Divisi\u00f3n, solo hubo otro jugador for\u00e1neo, que festej\u00f3 un t\u00edtulo en el Clausura 2017.<\/p>\n","protected":false},"author":20,"featured_media":481188,"comment_status":"closed","ping_status":"closed","sticky":false,"template":"","format":"standard","meta":[],"categories":[3843,2198,3845],"tags":[432,70,7732,64,431,5966],"_links":{"self":[{"href":"http:\/\/desarrollo.grupomedios.com\/futbol\/wp-json\/wp\/v2\/posts\/481187"}],"collection":[{"href":"http:\/\/desarrollo.grupomedios.com\/futbol\/wp-json\/wp\/v2\/posts"}],"about":[{"href":"http:\/\/desarrollo.grupomedios.com\/futbol\/wp-json\/wp\/v2\/types\/post"}],"author":[{"embeddable":true,"href":"http:\/\/desarrollo.grupomedios.com\/futbol\/wp-json\/wp\/v2\/users\/20"}],"replies":[{"embeddable":true,"href":"http:\/\/desarrollo.grupomedios.com\/futbol\/wp-json\/wp\/v2\/comments?post=481187"}],"version-history":[{"count":2,"href":"http:\/\/desarrollo.grupomedios.com\/futbol\/wp-json\/wp\/v2\/posts\/481187\/revisions"}],"predecessor-version":[{"id":481197,"href":"http:\/\/desarrollo.grupomedios.com\/futbol\/wp-json\/wp\/v2\/posts\/481187\/revisions\/481197"}],"wp:featuredmedia":[{"embeddable":true,"href":"http:\/\/desarrollo.grupomedios.com\/futbol\/wp-json\/wp\/v2\/media\/481188"}],"wp:attachment":[{"href":"http:\/\/desarrollo.grupomedios.com\/futbol\/wp-json\/wp\/v2\/media?parent=481187"}],"wp:term":[{"taxonomy":"category","embeddable":true,"href":"http:\/\/desarrollo.grupomedios.com\/futbol\/wp-json\/wp\/v2\/categories?post=481187"},{"taxonomy":"post_tag","embeddable":true,"href":"http:\/\/desarrollo.grupomedios.com\/futbol\/wp-json\/wp\/v2\/tags?post=481187"}],"curies":[{"name":"wp","href":"https:\/\/api.w.org\/{rel}","templated":true}]}}