{"id":481245,"date":"2017-05-29T11:08:32","date_gmt":"2017-05-29T16:08:32","guid":{"rendered":"https:\/\/www.futboltotal.com.mx\/?p=481245"},"modified":"2017-05-29T11:08:32","modified_gmt":"2017-05-29T16:08:32","slug":"chivas-suya-la-minerva-los-festejos-aficion","status":"publish","type":"post","link":"http:\/\/desarrollo.grupomedios.com\/futbol\/destacado-home\/chivas-suya-la-minerva-los-festejos-aficion\/2017\/05","title":{"rendered":"Chivas hizo suya la Minerva durante los festejos con su afici\u00f3n"},"content":{"rendered":"<p>El <a href=\"https:\/\/www.futboltotal.com.mx\/2017\/05\/resultado-liga-mx-chivas-2-1-tigres-clausura-2017\/\" target=\"_blank\" rel=\"noopener noreferrer\"><span style=\"color: #333399;\">nuevo monarca de la <strong>Liga MX<\/strong>, <strong>Chivas<\/strong><\/span><\/a>, fue recibido en la glorieta de la <strong>Minerva<\/strong> por miles de fan\u00e1ticos del <strong><em>Reba\u00f1o<\/em><\/strong> para celebrar con los jugadores la consecuci\u00f3n del t\u00edtulo del <strong>Clausura 2017<\/strong>.<\/p>\n<p>Muchos seguidores del equipo ya se encontraban en el ic\u00f3nico punto de Guadalajara pues ah\u00ed siguieron la final, pero otros tantos se dieron cita tras el silbatazo final y convirtieron a la Minerva en el coraz\u00f3n de Chivas.<\/p>\n<p style=\"text-align: center;\"><a href=\"https:\/\/www.futboltotal.com.mx\/2017\/05\/los-memes-la-final-vuelta-chivas-tigres\/\" target=\"_blank\" rel=\"noopener noreferrer\"><span style=\"color: #333399;\">VER M\u00c1S: Los memes del t\u00edtulo de Chivas y la derrota de Tigres<\/span><\/a><\/p>\n<p><a href=\"https:\/\/www.futboltotal.com.mx\/wp-content\/uploads\/2017\/05\/Chivas-Minerva2.jpg\"><img decoding=\"async\" loading=\"lazy\" class=\"aligncenter size-large wp-image-481246\" src=\"https:\/\/www.futboltotal.com.mx\/wp-content\/uploads\/2017\/05\/Chivas-Minerva2-1024x576.jpg\" alt=\"Chivas hizo suya la Minerva durante los festejos con su afici\u00f3n 0\" srcset=\"http:\/\/desarrollo.grupomedios.com\/futbol\/wp-content\/uploads\/2017\/05\/Chivas-Minerva2-1024x576.jpg 1024w, http:\/\/desarrollo.grupomedios.com\/futbol\/wp-content\/uploads\/2017\/05\/Chivas-Minerva2-300x169.jpg 300w, http:\/\/desarrollo.grupomedios.com\/futbol\/wp-content\/uploads\/2017\/05\/Chivas-Minerva2-768x432.jpg 768w, http:\/\/desarrollo.grupomedios.com\/futbol\/wp-content\/uploads\/2017\/05\/Chivas-Minerva2-317x178.jpg 317w, http:\/\/desarrollo.grupomedios.com\/futbol\/wp-content\/uploads\/2017\/05\/Chivas-Minerva2-535x301.jpg 535w, http:\/\/desarrollo.grupomedios.com\/futbol\/wp-content\/uploads\/2017\/05\/Chivas-Minerva2-374x210.jpg 374w, http:\/\/desarrollo.grupomedios.com\/futbol\/wp-content\/uploads\/2017\/05\/Chivas-Minerva2.jpg 1136w\" sizes=\"(max-width: 1024px) 100vw, 1024px\" \/><\/a><\/p>\n<p>Un cami\u00f3n con los jugadores rojiblancos pas\u00f3 por distintas avenidas de Guadalajara para finalmente llegar a festejar con toda su gente por su doceavo t\u00edtulo de Liga.<\/p>\n<p>&nbsp;<\/p>\n<blockquote class=\"twitter-video\" data-lang=\"es\">\n<p dir=\"ltr\" lang=\"es\">\u00a1El Guadalajara llega a La Minerva para celebrar la 12! <a href=\"https:\/\/twitter.com\/hashtag\/ADarLaVuelta?src=hash\">#ADarLaVuelta<\/a> <a href=\"https:\/\/twitter.com\/hashtag\/UnidosSomosCAMPEONES?src=hash\">#UnidosSomosCAMPEONES<\/a> <a href=\"https:\/\/t.co\/kTNW0KdhGC\">pic.twitter.com\/kTNW0KdhGC<\/a><\/p>\n<p>\u2014 ChivasTV (@chivastvmx) <a href=\"https:\/\/twitter.com\/chivastvmx\/status\/869057966112096256\">29 de mayo de 2017<\/a><\/p><\/blockquote>\n<p><script async src=\"\/\/platform.twitter.com\/widgets.js\" charset=\"utf-8\"><\/script><\/p>\n<p>Entre cantos, gritos, baile y un festejo absoluto, la naci\u00f3n Chiva y sus futbolistas vivieron durante casi una hora, pues poco despu\u00e9s de la 1:00 hrs. ya del lunes el cami\u00f3n con los jugadores parti\u00f3 de vuelta.<\/p>\n<p>&nbsp;<\/p>\n<blockquote class=\"twitter-video\" data-lang=\"es\">\n<p dir=\"ltr\" lang=\"es\">Mi \u2764\ufe0f pintado &#x1f535;\u26aa\ufe0f&#x1f534; <a href=\"https:\/\/twitter.com\/hashtag\/NuestroCamino?src=hash\">#NuestroCamino<\/a> <a href=\"https:\/\/twitter.com\/hashtag\/UnidosSomosCampeones?src=hash\">#UnidosSomosCampeones<\/a> <a href=\"https:\/\/t.co\/j25Y2b6Mls\">pic.twitter.com\/j25Y2b6Mls<\/a><\/p>\n<p>\u2014 ChivasTV (@chivastvmx) <a href=\"https:\/\/twitter.com\/chivastvmx\/status\/869063197696774144\">29 de mayo de 2017<\/a><\/p><\/blockquote>\n<p><script async src=\"\/\/platform.twitter.com\/widgets.js\" charset=\"utf-8\"><\/script><\/p>\n<p>&nbsp;<\/p>\n<blockquote class=\"twitter-video\" data-lang=\"es\">\n<p dir=\"ltr\" lang=\"es\">\u00a1Las palabras del Pastor del Reba\u00f1o en La Minerva! \u00a1Despert\u00f3 el gigante y no se detendr\u00e1! <a href=\"https:\/\/twitter.com\/hashtag\/UnidosSomosCAMPEONES?src=hash\">#UnidosSomosCAMPEONES<\/a> <a href=\"https:\/\/t.co\/kasGLbmFTr\">pic.twitter.com\/kasGLbmFTr<\/a><\/p>\n<p>\u2014 ChivasTV (@chivastvmx) <a href=\"https:\/\/twitter.com\/chivastvmx\/status\/869068769821208577\">29 de mayo de 2017<\/a><\/p><\/blockquote>\n<p><script async src=\"\/\/platform.twitter.com\/widgets.js\" charset=\"utf-8\"><\/script><\/p>\n","protected":false},"excerpt":{"rendered":"<p>Los festejos del Reba\u00f1o con toda su afici\u00f3n acabaron hasta la madrugada.<\/p>\n","protected":false},"author":20,"featured_media":481247,"comment_status":"closed","ping_status":"closed","sticky":false,"template":"","format":"standard","meta":[],"categories":[5,2198,3845],"tags":[1930,70,7732,64,8659],"_links":{"self":[{"href":"http:\/\/desarrollo.grupomedios.com\/futbol\/wp-json\/wp\/v2\/posts\/481245"}],"collection":[{"href":"http:\/\/desarrollo.grupomedios.com\/futbol\/wp-json\/wp\/v2\/posts"}],"about":[{"href":"http:\/\/desarrollo.grupomedios.com\/futbol\/wp-json\/wp\/v2\/types\/post"}],"author":[{"embeddable":true,"href":"http:\/\/desarrollo.grupomedios.com\/futbol\/wp-json\/wp\/v2\/users\/20"}],"replies":[{"embeddable":true,"href":"http:\/\/desarrollo.grupomedios.com\/futbol\/wp-json\/wp\/v2\/comments?post=481245"}],"version-history":[{"count":1,"href":"http:\/\/desarrollo.grupomedios.com\/futbol\/wp-json\/wp\/v2\/posts\/481245\/revisions"}],"predecessor-version":[{"id":481248,"href":"http:\/\/desarrollo.grupomedios.com\/futbol\/wp-json\/wp\/v2\/posts\/481245\/revisions\/481248"}],"wp:featuredmedia":[{"embeddable":true,"href":"http:\/\/desarrollo.grupomedios.com\/futbol\/wp-json\/wp\/v2\/media\/481247"}],"wp:attachment":[{"href":"http:\/\/desarrollo.grupomedios.com\/futbol\/wp-json\/wp\/v2\/media?parent=481245"}],"wp:term":[{"taxonomy":"category","embeddable":true,"href":"http:\/\/desarrollo.grupomedios.com\/futbol\/wp-json\/wp\/v2\/categories?post=481245"},{"taxonomy":"post_tag","embeddable":true,"href":"http:\/\/desarrollo.grupomedios.com\/futbol\/wp-json\/wp\/v2\/tags?post=481245"}],"curies":[{"name":"wp","href":"https:\/\/api.w.org\/{rel}","templated":true}]}}