{"id":481274,"date":"2017-05-29T14:36:06","date_gmt":"2017-05-29T19:36:06","guid":{"rendered":"https:\/\/www.futboltotal.com.mx\/?p=481274"},"modified":"2017-05-29T15:46:19","modified_gmt":"2017-05-29T20:46:19","slug":"chivas-campeonisimo-esta-vuelta","status":"publish","type":"post","link":"http:\/\/desarrollo.grupomedios.com\/futbol\/destacado-home\/chivas-campeonisimo-esta-vuelta\/2017\/05","title":{"rendered":"\u00a1Chivas, el Campeon\u00edsimo, est\u00e1 de vuelta!"},"content":{"rendered":"<p>Las <a href=\"https:\/\/www.futboltotal.com.mx\/2017\/05\/resultado-liga-mx-chivas-2-1-tigres-clausura-2017\/\" target=\"_blank\" rel=\"noopener noreferrer\"><span style=\"color: #333399;\"><strong>Chivas<\/strong> vencieron a <strong>Tigres<\/strong> en la final del <strong>Clausura 2017<\/strong><\/span><\/a> y acabaron con una sequ\u00eda de casi 11 a\u00f1os sin levantar el t\u00edtulo de la Liga MX, adem\u00e1s de resurgir como el m\u00e1ximo ganador de Ligas en M\u00e9xico junto con el <strong>Am\u00e9rica<\/strong> con 12 cada uno.<\/p>\n<p>Junto con este t\u00edtulo, el <em><strong>Reba\u00f1o<\/strong><\/em> ya ven\u00eda de ganar la <strong>Copa MX<\/strong>, por lo que el doblete de los rojiblancos, \u00fanico desde que en M\u00e9xico se juegan los torneos cortos, lo catapulta como estandarte del futbol mexicano.<\/p>\n<p style=\"text-align: center;\"><a href=\"https:\/\/www.futboltotal.com.mx\/2017\/05\/barcelona-presento-nuevo-jersey-la-temporada-2017-2018\/\" target=\"_blank\" rel=\"noopener noreferrer\"><span style=\"color: #333399;\">VER M\u00c1S: Conoce el nuevo jersey del Barcelona para la pr\u00f3xima temporada<\/span><\/a><\/p>\n<p>Tanto por la hist\u00f3rica apuesta de s\u00f3lo jugar con mexicanos, como por resurgir despu\u00e9s de m\u00e1s de una d\u00e9cada, las <strong>Chivas<\/strong> buscan mantenerse en la \u00e9lite del balompi\u00e9 azteca y ser un equipo de \u00e9poca, recordando su mote de <strong>Campeon\u00edsimo<\/strong>.<\/p>\n<p style=\"text-align: center;\"><a href=\"https:\/\/www.futboltotal.com.mx\/2017\/05\/gignac-acusado-golpear-a-reportero-televisa\/\" target=\"_blank\" rel=\"noopener noreferrer\"><span style=\"color: #333399;\">VER M\u00c1S: Gignac es acusado de golpear a reportero de Televisa<\/span><\/a><\/p>\n<p class=\"p1\"><span class=\"s1\">[video_player]https:\/\/player.vimeo.com\/external\/219409937.hd.mp4?s=3c65b1322209e6552d03c20ad021e1d12d0ba2dd&amp;profile_id=174|wide\u00a0[\/video_player]<\/span><\/p>\n","protected":false},"excerpt":{"rendered":"<p>Casi 11 a\u00f1os pasaron, pero el Reba\u00f1o aspira a revivir viejas \u00e9pocas de gloria.<\/p>\n","protected":false},"author":20,"featured_media":481275,"comment_status":"closed","ping_status":"closed","sticky":false,"template":"","format":"standard","meta":[],"categories":[5,2198,3845],"tags":[1930,70,7732,64],"_links":{"self":[{"href":"http:\/\/desarrollo.grupomedios.com\/futbol\/wp-json\/wp\/v2\/posts\/481274"}],"collection":[{"href":"http:\/\/desarrollo.grupomedios.com\/futbol\/wp-json\/wp\/v2\/posts"}],"about":[{"href":"http:\/\/desarrollo.grupomedios.com\/futbol\/wp-json\/wp\/v2\/types\/post"}],"author":[{"embeddable":true,"href":"http:\/\/desarrollo.grupomedios.com\/futbol\/wp-json\/wp\/v2\/users\/20"}],"replies":[{"embeddable":true,"href":"http:\/\/desarrollo.grupomedios.com\/futbol\/wp-json\/wp\/v2\/comments?post=481274"}],"version-history":[{"count":2,"href":"http:\/\/desarrollo.grupomedios.com\/futbol\/wp-json\/wp\/v2\/posts\/481274\/revisions"}],"predecessor-version":[{"id":481277,"href":"http:\/\/desarrollo.grupomedios.com\/futbol\/wp-json\/wp\/v2\/posts\/481274\/revisions\/481277"}],"wp:featuredmedia":[{"embeddable":true,"href":"http:\/\/desarrollo.grupomedios.com\/futbol\/wp-json\/wp\/v2\/media\/481275"}],"wp:attachment":[{"href":"http:\/\/desarrollo.grupomedios.com\/futbol\/wp-json\/wp\/v2\/media?parent=481274"}],"wp:term":[{"taxonomy":"category","embeddable":true,"href":"http:\/\/desarrollo.grupomedios.com\/futbol\/wp-json\/wp\/v2\/categories?post=481274"},{"taxonomy":"post_tag","embeddable":true,"href":"http:\/\/desarrollo.grupomedios.com\/futbol\/wp-json\/wp\/v2\/tags?post=481274"}],"curies":[{"name":"wp","href":"https:\/\/api.w.org\/{rel}","templated":true}]}}