{"id":481287,"date":"2017-05-29T17:18:46","date_gmt":"2017-05-29T22:18:46","guid":{"rendered":"https:\/\/www.futboltotal.com.mx\/?p=481287"},"modified":"2017-05-29T17:18:46","modified_gmt":"2017-05-29T22:18:46","slug":"confunden-en-chivas-tv-a-orbelin-pineda-oribe-peralta","status":"publish","type":"post","link":"http:\/\/desarrollo.grupomedios.com\/futbol\/futbol-mexicano\/confunden-en-chivas-tv-a-orbelin-pineda-oribe-peralta\/2017\/05","title":{"rendered":"Confunden en Chivas TV a Orbel\u00edn Pineda con&#8230; \u00a1Oribe Peralta!"},"content":{"rendered":"<p>La emoci\u00f3n que se vivi\u00f3 durante la <strong>final<\/strong> del <strong>Clausura 2017<\/strong> en la que <a href=\"https:\/\/www.futboltotal.com.mx\/2017\/05\/resultado-liga-mx-chivas-2-1-tigres-clausura-2017\/\" target=\"_blank\" rel=\"noopener noreferrer\"><span style=\"color: #333399;\"><strong>Chivas<\/strong> se coron\u00f3 campe\u00f3n de Liga MX al derrotar 2-1 a <strong>Tigres<\/strong><\/span><\/a> en el juego de vuelta alcanz\u00f3 hasta a los reporteros que aparecieron en la transmisi\u00f3n de <strong>Chivas TV<\/strong>, al grado de confundir a uno de sus futbolistas con una de las figuras del <strong>Am\u00e9rica<\/strong>. S\u00ed, del odiado rival.<\/p>\n<p>Se jugaban los \u00faltimos minutos de la Gran Final y fue tanta la adrenalina entre los rojiblancos por el t\u00edtulo que estaban a instantes de conseguir que la reportera de cancha\u00a0<strong>Arantza Fern\u00e1ndez<\/strong> cometi\u00f3 un curioso error al referirse a <strong>Orbel\u00edn Pineda<\/strong>, figura del <em><strong>Reba\u00f1o<\/strong><\/em>.<\/p>\n<p style=\"text-align: center;\"><a href=\"https:\/\/www.futboltotal.com.mx\/2017\/05\/gignac-acusado-golpear-a-reportero-televisa\/\" target=\"_blank\" rel=\"noopener noreferrer\"><span style=\"color: #333399;\">VER M\u00c1S: Gignac es acusado de golpear a reportero de Televisa<\/span><\/a><\/p>\n<p>La periodista quiso mencionar al &#8216;7&#8217; del <strong>Guadalajara<\/strong>, pero en lugar de decir su nombre dijo el del <em>Hermoso<\/em>, aunque de inmediato se dio cuenta de su error y mientras intentaba corregirlo no faltaron las risas por parte de sus compa\u00f1eros de transmisi\u00f3n.<\/p>\n<p style=\"text-align: center;\"><a href=\"https:\/\/www.futboltotal.com.mx\/2017\/05\/chivas-campeonisimo-esta-vuelta\/\" target=\"_blank\" rel=\"noopener noreferrer\"><span style=\"color: #333399;\">VER M\u00c1S: \u00a1Chivas, el Campeon\u00edsimo, est\u00e1 de vuelta!<\/span><\/a><\/p>\n<p>\u00a0<iframe loading=\"lazy\" src=\"https:\/\/www.youtube.com\/embed\/bJ98RCFhr6o\" frameborder=\"0\" allowfullscreen=\"allowfullscreen\"><\/iframe><\/p>\n<p>Luego de este incidente, la reportera fue criticada en las redes sociales por su fallo, pero sus respuestas ante la gente le sirvieron para minimizar el momento.<\/p>\n<p style=\"text-align: center;\"><a href=\"https:\/\/www.futboltotal.com.mx\/2017\/05\/los-10-golazos-de-chivas-hacia-el-titulo-de-liga-mx\/\" target=\"_blank\" rel=\"noopener noreferrer\"><span style=\"color: #333399;\">VER M\u00c1S: \u00a1Los 10 golazos de Chivas hacia el t\u00edtulo de\u00a0la Liga MX!<\/span><\/a><\/p>\n<p><a href=\"https:\/\/www.futboltotal.com.mx\/wp-content\/uploads\/2017\/05\/Tuit-Chivas-Oribe-Orbelin.jpg\"><img decoding=\"async\" loading=\"lazy\" class=\"aligncenter size-large wp-image-481288\" src=\"https:\/\/www.futboltotal.com.mx\/wp-content\/uploads\/2017\/05\/Tuit-Chivas-Oribe-Orbelin-1024x576.jpg\" alt=\"Confunden en Chivas TV a Orbel\u00edn Pineda con&#8230; \u00a1Oribe Peralta! 0\" srcset=\"http:\/\/desarrollo.grupomedios.com\/futbol\/wp-content\/uploads\/2017\/05\/Tuit-Chivas-Oribe-Orbelin-1024x576.jpg 1024w, http:\/\/desarrollo.grupomedios.com\/futbol\/wp-content\/uploads\/2017\/05\/Tuit-Chivas-Oribe-Orbelin-300x169.jpg 300w, http:\/\/desarrollo.grupomedios.com\/futbol\/wp-content\/uploads\/2017\/05\/Tuit-Chivas-Oribe-Orbelin-768x432.jpg 768w, http:\/\/desarrollo.grupomedios.com\/futbol\/wp-content\/uploads\/2017\/05\/Tuit-Chivas-Oribe-Orbelin-317x178.jpg 317w, http:\/\/desarrollo.grupomedios.com\/futbol\/wp-content\/uploads\/2017\/05\/Tuit-Chivas-Oribe-Orbelin-535x301.jpg 535w, http:\/\/desarrollo.grupomedios.com\/futbol\/wp-content\/uploads\/2017\/05\/Tuit-Chivas-Oribe-Orbelin-374x210.jpg 374w, http:\/\/desarrollo.grupomedios.com\/futbol\/wp-content\/uploads\/2017\/05\/Tuit-Chivas-Oribe-Orbelin.jpg 1136w\" sizes=\"(max-width: 1024px) 100vw, 1024px\" \/><\/a><\/p>\n","protected":false},"excerpt":{"rendered":"<p>En plena transmisi\u00f3n de la Final de la Liga MX, la periodista record\u00f3 al \u00eddolo del Am\u00e9rica.<\/p>\n","protected":false},"author":20,"featured_media":481289,"comment_status":"closed","ping_status":"closed","sticky":false,"template":"","format":"standard","meta":[],"categories":[5419,2198,3845],"tags":[70,7110,7732,1752,64,6546,62],"_links":{"self":[{"href":"http:\/\/desarrollo.grupomedios.com\/futbol\/wp-json\/wp\/v2\/posts\/481287"}],"collection":[{"href":"http:\/\/desarrollo.grupomedios.com\/futbol\/wp-json\/wp\/v2\/posts"}],"about":[{"href":"http:\/\/desarrollo.grupomedios.com\/futbol\/wp-json\/wp\/v2\/types\/post"}],"author":[{"embeddable":true,"href":"http:\/\/desarrollo.grupomedios.com\/futbol\/wp-json\/wp\/v2\/users\/20"}],"replies":[{"embeddable":true,"href":"http:\/\/desarrollo.grupomedios.com\/futbol\/wp-json\/wp\/v2\/comments?post=481287"}],"version-history":[{"count":1,"href":"http:\/\/desarrollo.grupomedios.com\/futbol\/wp-json\/wp\/v2\/posts\/481287\/revisions"}],"predecessor-version":[{"id":481290,"href":"http:\/\/desarrollo.grupomedios.com\/futbol\/wp-json\/wp\/v2\/posts\/481287\/revisions\/481290"}],"wp:featuredmedia":[{"embeddable":true,"href":"http:\/\/desarrollo.grupomedios.com\/futbol\/wp-json\/wp\/v2\/media\/481289"}],"wp:attachment":[{"href":"http:\/\/desarrollo.grupomedios.com\/futbol\/wp-json\/wp\/v2\/media?parent=481287"}],"wp:term":[{"taxonomy":"category","embeddable":true,"href":"http:\/\/desarrollo.grupomedios.com\/futbol\/wp-json\/wp\/v2\/categories?post=481287"},{"taxonomy":"post_tag","embeddable":true,"href":"http:\/\/desarrollo.grupomedios.com\/futbol\/wp-json\/wp\/v2\/tags?post=481287"}],"curies":[{"name":"wp","href":"https:\/\/api.w.org\/{rel}","templated":true}]}}