{"id":481291,"date":"2017-05-29T17:29:52","date_gmt":"2017-05-29T22:29:52","guid":{"rendered":"https:\/\/www.futboltotal.com.mx\/?p=481291"},"modified":"2017-05-29T17:29:52","modified_gmt":"2017-05-29T22:29:52","slug":"moises-munoz-no-pierde-esperanzas-volver-america","status":"publish","type":"post","link":"http:\/\/desarrollo.grupomedios.com\/futbol\/futbol-mexicano\/moises-munoz-no-pierde-esperanzas-volver-america\/2017\/05","title":{"rendered":"Mois\u00e9s Mu\u00f1oz no pierde las esperanzas de volver al Am\u00e9rica"},"content":{"rendered":"<p>El portero <strong>Mois\u00e9s Mu\u00f1oz<\/strong> no pierde la esperanza de volver a jugar con el <strong>Am\u00e9rica<\/strong>, equipo que el torneo que reci\u00e9n termin\u00f3, <strong>Clausura 2017<\/strong>, fue cedido por las <em><strong>\u00c1guilas<\/strong><\/em> a <strong>Jaguares de Chiapas<\/strong>, con quien no pudo evitar descender.<\/p>\n<p>&#8220;Poder portar la camiseta del <strong>Am\u00e9rica <\/strong>que es al equipo al que le voy desde peque\u00f1o me encantar\u00eda, el tener la oportunidad de regresar. Pero hay muchas variables que pueden moverse, ahorita ni siquiera yo s\u00e9 d\u00f3nde voy a estar en el pr\u00f3ximo torneo pero me encantar\u00eda (volver al club)&#8221;, indic\u00f3 <em>Moi<\/em> en entrevista para Marca Claro.<\/p>\n<p style=\"text-align: center;\"><a href=\"https:\/\/www.futboltotal.com.mx\/2017\/05\/chivas-campeonisimo-esta-vuelta\/\" target=\"_blank\" rel=\"noopener noreferrer\"><span style=\"color: #333399;\">VER M\u00c1S: \u00a1Chivas, el campeon\u00edsimo, est\u00e1 de vuelta!<\/span><\/a><\/p>\n<p><strong>Mu\u00f1oz<\/strong> confes\u00f3 que mantiene comunicaci\u00f3n con <strong>Miguel <em>Piojo<\/em> Herrera<\/strong>, el nuevo t\u00e9cnico del <strong>Am\u00e9rica<\/strong> y quien lo dirigi\u00f3 en su etapa con los <em>azulcremas<\/em>, aunque no se ha mencionado entre ellos una posible vuelta de <strong>Mois\u00e9s<\/strong> a Coapa.<\/p>\n<p>&#8220;He platicado con \u00e9l (<strong>Miguel Herrera<\/strong>), habl\u00e9 por tel\u00e9fono con \u00e9l primero para desearle \u00e9xito en la <strong>Liguilla<\/strong>, y cuando fueron eliminados tambi\u00e9n, mostrando mi apoyo; a \u00e9l lo conozco desde hace muchos a\u00f1os y mantengo comunicaci\u00f3n con \u00e9l desde hace mucho, pero nunca se toc\u00f3 el tema de <strong>Am\u00e9rica<\/strong>&#8220;, agreg\u00f3 el guardameta.<\/p>\n<p style=\"text-align: center;\"><a href=\"https:\/\/www.futboltotal.com.mx\/2017\/05\/confunden-en-chivas-tv-a-orbelin-pineda-oribe-peralta\/\" target=\"_blank\" rel=\"noopener noreferrer\"><span style=\"color: #333399;\">VER M\u00c1S: Confunden en Chivas TV a Orbel\u00edn Pineda con&#8230; \u00a1Oribe Peralta!<\/span><\/a><\/p>\n","protected":false},"excerpt":{"rendered":"<p>Mu\u00f1oz tambi\u00e9n confes\u00f3 que mantiene comunicaci\u00f3n con el Piojo Herrera.<\/p>\n","protected":false},"author":20,"featured_media":480342,"comment_status":"closed","ping_status":"closed","sticky":false,"template":"","format":"standard","meta":[],"categories":[7740,2198,3845],"tags":[5959,635],"_links":{"self":[{"href":"http:\/\/desarrollo.grupomedios.com\/futbol\/wp-json\/wp\/v2\/posts\/481291"}],"collection":[{"href":"http:\/\/desarrollo.grupomedios.com\/futbol\/wp-json\/wp\/v2\/posts"}],"about":[{"href":"http:\/\/desarrollo.grupomedios.com\/futbol\/wp-json\/wp\/v2\/types\/post"}],"author":[{"embeddable":true,"href":"http:\/\/desarrollo.grupomedios.com\/futbol\/wp-json\/wp\/v2\/users\/20"}],"replies":[{"embeddable":true,"href":"http:\/\/desarrollo.grupomedios.com\/futbol\/wp-json\/wp\/v2\/comments?post=481291"}],"version-history":[{"count":1,"href":"http:\/\/desarrollo.grupomedios.com\/futbol\/wp-json\/wp\/v2\/posts\/481291\/revisions"}],"predecessor-version":[{"id":481293,"href":"http:\/\/desarrollo.grupomedios.com\/futbol\/wp-json\/wp\/v2\/posts\/481291\/revisions\/481293"}],"wp:featuredmedia":[{"embeddable":true,"href":"http:\/\/desarrollo.grupomedios.com\/futbol\/wp-json\/wp\/v2\/media\/480342"}],"wp:attachment":[{"href":"http:\/\/desarrollo.grupomedios.com\/futbol\/wp-json\/wp\/v2\/media?parent=481291"}],"wp:term":[{"taxonomy":"category","embeddable":true,"href":"http:\/\/desarrollo.grupomedios.com\/futbol\/wp-json\/wp\/v2\/categories?post=481291"},{"taxonomy":"post_tag","embeddable":true,"href":"http:\/\/desarrollo.grupomedios.com\/futbol\/wp-json\/wp\/v2\/tags?post=481291"}],"curies":[{"name":"wp","href":"https:\/\/api.w.org\/{rel}","templated":true}]}}