{"id":481343,"date":"2017-05-30T10:28:50","date_gmt":"2017-05-30T15:28:50","guid":{"rendered":"https:\/\/www.futboltotal.com.mx\/?p=481343"},"modified":"2017-05-30T10:28:50","modified_gmt":"2017-05-30T15:28:50","slug":"chicharito-marco-fabian-del-11-ideal-la-bundesliga","status":"publish","type":"post","link":"http:\/\/desarrollo.grupomedios.com\/futbol\/futbol-internacional\/chicharito-marco-fabian-del-11-ideal-la-bundesliga\/2017\/05","title":{"rendered":"Chicharito y Marco Fabi\u00e1n, fuera del 11 ideal de la Bundesliga"},"content":{"rendered":"<p>Los mexicanos <strong>Javier<em> Chicharito<\/em> Hern\u00e1ndez<\/strong> y <strong>Marco Fabi\u00e1n<\/strong> vivieron una complicada temporada en el futbol alem\u00e1n y quedaron fuera del<strong> 11 ideal de la Bundesliga<\/strong>, de la temporada 2016-17.<\/p>\n<p>Pese a que ambos estuvieron incluidos entre los 33 mejores jugadores de la temporada, en las ternas de segundo delantero y segundo mediocentro, respectivamente, no alcanzaron un sitio en el que equipo de ensue\u00f1o, que fue elegido por aficionados de distintas latitudes y recibi\u00f3 total de 7,6 millones de votos.<\/p>\n<p style=\"text-align: center;\"><a href=\"https:\/\/www.futboltotal.com.mx\/2017\/05\/chicharito-encontro-nueva-novia\/\"><span style=\"color: #3366ff;\">VER M\u00c1S: \u00bfChicharito tiene &#8216;nuevo amor&#8217;?<\/span><\/a><\/p>\n<blockquote class=\"twitter-video\" data-lang=\"en\">\n<p dir=\"ltr\" lang=\"de\">Hier die Startelf des <a href=\"https:\/\/twitter.com\/hashtag\/Bundesliga?src=hash\">#Bundesliga<\/a> &amp; <a href=\"https:\/\/twitter.com\/EAFussball\">@EAFussball<\/a> Team der Saison in Aktion! <a href=\"https:\/\/twitter.com\/hashtag\/FUT?src=hash\">#FUT<\/a> <a href=\"https:\/\/twitter.com\/hashtag\/TOTS?src=hash\">#TOTS<\/a> <a href=\"https:\/\/twitter.com\/hashtag\/FIFA17?src=hash\">#FIFA17<\/a> <a href=\"https:\/\/t.co\/vBhejncNtE\">pic.twitter.com\/vBhejncNtE<\/a><\/p>\n<p>\u2014 BUNDESLIGA (@bundesliga_de) <a href=\"https:\/\/twitter.com\/bundesliga_de\/status\/868111204191006720\">May 26, 2017<\/a><\/p><\/blockquote>\n<p><script async src=\"\/\/platform.twitter.com\/widgets.js\" charset=\"utf-8\"><\/script><\/p>\n<p style=\"text-align: left;\">Como era de esperarse, los dos clubes que m\u00e1s jugadores aportan fueron el Bayern M\u00fanich y el Borussia Dortmund, con cuatro y tres, respectivamente. Despu\u00e9s el RB Leipzig son dos, mientras Schalke 04 y Hoffenheim solo uno.<\/p>\n<p style=\"text-align: left;\">Los futbolistas que fueron incluidos en el 11 ideal de laBundesliga de la temporada 2016-17 son:<\/p>\n<p style=\"text-align: left;\">Manuel Neuer (FC Bayern M\u00fcnchen) &#8211; Sead Kolasinac (FC Schalke 04), Mats Hummels (Bayern), Niklas S\u00fcle (TSG 1899 Hoffenheim), Lukas Piszczek (Borussia Dortmund) &#8211; Emil Forsberg (RB Leipzig), Thiago Alc\u00e1ntara (Bayern), Naby Keita (Leipzig), Ousmane Demb\u00e9l\u00e9 (Dortmund) &#8211; Robert Lewandowski (Bayern), Pierre-Emerick Aubameyang (Dortmund).<\/p>\n<p style=\"text-align: left;\">\n","protected":false},"excerpt":{"rendered":"<p>Estos fueron los elegidos para el equipo de ensue\u00f1o del campeonato alem\u00e1n.<\/p>\n","protected":false},"author":20,"featured_media":481355,"comment_status":"closed","ping_status":"closed","sticky":false,"template":"","format":"standard","meta":[],"categories":[3839,6822],"tags":[119,549,131],"_links":{"self":[{"href":"http:\/\/desarrollo.grupomedios.com\/futbol\/wp-json\/wp\/v2\/posts\/481343"}],"collection":[{"href":"http:\/\/desarrollo.grupomedios.com\/futbol\/wp-json\/wp\/v2\/posts"}],"about":[{"href":"http:\/\/desarrollo.grupomedios.com\/futbol\/wp-json\/wp\/v2\/types\/post"}],"author":[{"embeddable":true,"href":"http:\/\/desarrollo.grupomedios.com\/futbol\/wp-json\/wp\/v2\/users\/20"}],"replies":[{"embeddable":true,"href":"http:\/\/desarrollo.grupomedios.com\/futbol\/wp-json\/wp\/v2\/comments?post=481343"}],"version-history":[{"count":1,"href":"http:\/\/desarrollo.grupomedios.com\/futbol\/wp-json\/wp\/v2\/posts\/481343\/revisions"}],"predecessor-version":[{"id":481357,"href":"http:\/\/desarrollo.grupomedios.com\/futbol\/wp-json\/wp\/v2\/posts\/481343\/revisions\/481357"}],"wp:featuredmedia":[{"embeddable":true,"href":"http:\/\/desarrollo.grupomedios.com\/futbol\/wp-json\/wp\/v2\/media\/481355"}],"wp:attachment":[{"href":"http:\/\/desarrollo.grupomedios.com\/futbol\/wp-json\/wp\/v2\/media?parent=481343"}],"wp:term":[{"taxonomy":"category","embeddable":true,"href":"http:\/\/desarrollo.grupomedios.com\/futbol\/wp-json\/wp\/v2\/categories?post=481343"},{"taxonomy":"post_tag","embeddable":true,"href":"http:\/\/desarrollo.grupomedios.com\/futbol\/wp-json\/wp\/v2\/tags?post=481343"}],"curies":[{"name":"wp","href":"https:\/\/api.w.org\/{rel}","templated":true}]}}