{"id":481345,"date":"2017-05-30T09:59:21","date_gmt":"2017-05-30T14:59:21","guid":{"rendered":"https:\/\/www.futboltotal.com.mx\/?p=481345"},"modified":"2017-05-30T10:09:56","modified_gmt":"2017-05-30T15:09:56","slug":"higuera-confirma-gullit-ira-al-rangers","status":"publish","type":"post","link":"http:\/\/desarrollo.grupomedios.com\/futbol\/destacado-home\/higuera-confirma-gullit-ira-al-rangers\/2017\/05","title":{"rendered":"Higuera confirma que &#8216;Gullit&#8217; Pe\u00f1a jugar\u00e1 con el Rangers"},"content":{"rendered":"<p>Las <strong>Chivas <\/strong>del Guadalajara dejar\u00e1n ir al<strong> <em>Gullit<\/em> Pe\u00f1a<\/strong> en el pr\u00f3ximo mercado de fichajes tras haber acordado con el <strong>Rangers<\/strong> escoc\u00e9s, revel\u00f3 el CEO de Chivas, <strong>Jos\u00e9 Luis Higuera<\/strong>.<\/p>\n<blockquote><p>&#8220;Hay un acuerdo por el\u00a0<em>Gullit<\/em> Pe\u00f1a con el Rangers de Escocia&#8221;, declar\u00f3 el dirigente para Fox Sports.<\/p><\/blockquote>\n<p><strong>Higuera<\/strong> no revel\u00f3 si el mediocampista, de 27 a\u00f1os, se marchar\u00e1 en calidad de pr\u00e9stamo si el club<em> rojiblanco<\/em> habr\u00e1 de recuperar los casi 8 millones de d\u00f3lares que pag\u00f3 por su contrataci\u00f3n en 2016.<\/p>\n<p style=\"text-align: center;\"><span style=\"color: #3366ff;\"><a style=\"color: #3366ff;\" href=\"https:\/\/www.futboltotal.com.mx\/2017\/05\/en-escocia-conocen-al-gullit-pena-vida-fiestera\/\">VER M\u00c1S: En Escocia conocen al Gullit por su &#8216;vida fiestera&#8217;<\/a><\/span><\/p>\n<p style=\"text-align: left;\">Las <strong>Chivas<\/strong> se desprender\u00e1n del <strong><em>Gullit<\/em><\/strong>, tras haberlo cedido seis meses al <b>Le\u00f3n <\/b>y despu\u00e9s de que el jugador no entra en planes del proyecto de Mat\u00edas Almeyda.<\/p>\n<p style=\"text-align: left;\">Adem\u00e1s de Pe\u00f1a, el cuadro escoc\u00e9s\u00a0<a href=\"https:\/\/www.futboltotal.com.mx\/2017\/05\/caixinha-quiere-tres-jugadores-la-liga-mx-rangers\/\">tiene la mira puesta en Jos\u00e9 Abella, Carlos Izquierdoz, a quienes dirigi\u00f3 en Santos y al delantero peruano Ra\u00fal Ruid\u00edaz.<\/a><\/p>\n<p style=\"text-align: left;\">Por otra parte, el CEO de Chivas reiter\u00f3 que acudir\u00e1n al pr\u00f3ximo draft para buscar uno o dos refuerzos y descart\u00f3 que el club negocie la marcha de alguno de los jugadores m\u00e1s importantes; aunque no precis\u00f3 si entre ellos estaban Orbel\u00edn Pineda y Jair Pereira, quienes tienen ofertas en Europa.<\/p>\n<p style=\"text-align: center;\"><span style=\"color: #3366ff;\"><a style=\"color: #3366ff;\" href=\"https:\/\/www.futboltotal.com.mx\/2017\/05\/futbol-estufa-rumores-y-fichajes-rumbo-al-apertura-2017-la-liga-mx\/\">VER M\u00c1S: Futbol de Estufa | Apertura 2017<\/a><\/span><\/p>\n<p>&nbsp;<\/p>\n","protected":false},"excerpt":{"rendered":"<p>El mediocampista jugar\u00e1 en Escocia a partir de la pr\u00f3xima temporada. <\/p>\n","protected":false},"author":20,"featured_media":453969,"comment_status":"closed","ping_status":"closed","sticky":false,"template":"","format":"standard","meta":[],"categories":[5,2198,3845],"tags":[70,1754],"_links":{"self":[{"href":"http:\/\/desarrollo.grupomedios.com\/futbol\/wp-json\/wp\/v2\/posts\/481345"}],"collection":[{"href":"http:\/\/desarrollo.grupomedios.com\/futbol\/wp-json\/wp\/v2\/posts"}],"about":[{"href":"http:\/\/desarrollo.grupomedios.com\/futbol\/wp-json\/wp\/v2\/types\/post"}],"author":[{"embeddable":true,"href":"http:\/\/desarrollo.grupomedios.com\/futbol\/wp-json\/wp\/v2\/users\/20"}],"replies":[{"embeddable":true,"href":"http:\/\/desarrollo.grupomedios.com\/futbol\/wp-json\/wp\/v2\/comments?post=481345"}],"version-history":[{"count":3,"href":"http:\/\/desarrollo.grupomedios.com\/futbol\/wp-json\/wp\/v2\/posts\/481345\/revisions"}],"predecessor-version":[{"id":481353,"href":"http:\/\/desarrollo.grupomedios.com\/futbol\/wp-json\/wp\/v2\/posts\/481345\/revisions\/481353"}],"wp:featuredmedia":[{"embeddable":true,"href":"http:\/\/desarrollo.grupomedios.com\/futbol\/wp-json\/wp\/v2\/media\/453969"}],"wp:attachment":[{"href":"http:\/\/desarrollo.grupomedios.com\/futbol\/wp-json\/wp\/v2\/media?parent=481345"}],"wp:term":[{"taxonomy":"category","embeddable":true,"href":"http:\/\/desarrollo.grupomedios.com\/futbol\/wp-json\/wp\/v2\/categories?post=481345"},{"taxonomy":"post_tag","embeddable":true,"href":"http:\/\/desarrollo.grupomedios.com\/futbol\/wp-json\/wp\/v2\/tags?post=481345"}],"curies":[{"name":"wp","href":"https:\/\/api.w.org\/{rel}","templated":true}]}}