{"id":481370,"date":"2017-05-30T11:53:20","date_gmt":"2017-05-30T16:53:20","guid":{"rendered":"https:\/\/www.futboltotal.com.mx\/?p=481370"},"modified":"2017-05-30T11:53:20","modified_gmt":"2017-05-30T16:53:20","slug":"riyad-mahrez-anuncia-quiere-salir-del-leicester-city","status":"publish","type":"post","link":"http:\/\/desarrollo.grupomedios.com\/futbol\/futbol-internacional\/riyad-mahrez-anuncia-quiere-salir-del-leicester-city\/2017\/05","title":{"rendered":"Riyad Mahrez anuncia que quiere salir del Leicester City"},"content":{"rendered":"<p>El mediapunta argelino del Leicester City, <strong>Riyad Mahrez<\/strong>, ha comunicado oficialmente este martes su deseo de dejar el conjunto ingl\u00e9s durante el pr\u00f3ximo mercado de traspasos de verano.<\/p>\n<p><strong>Mahrez<\/strong>, de 26 a\u00f1os, que lleg\u00f3 al King Power Stadium en 2014 procedente del Le Havre por 400.000 libras, ha asegurado que el pasado a\u00f1o, &#8220;despu\u00e9s de una buena charla con el presidente&#8221;, hab\u00eda acordado quedarse &#8220;una temporada m\u00e1s&#8221; tras la conquista de la Premier League y durante &#8220;el periodo de transici\u00f3n&#8221;.<\/p>\n<p>El futbolista norteafricano ha presentado hoy el &#8216;transfer request&#8217;, una petici\u00f3n de traspaso que s\u00f3lo se emplea en Inglaterra y por la que el jugador pide formalmente abandonar la entidad.<\/p>\n<p style=\"text-align: center;\"><span style=\"color: #3366ff;\"><a style=\"color: #3366ff;\" href=\"https:\/\/www.futboltotal.com.mx\/2017\/05\/higuera-confirma-gullit-ira-al-rangers\/\">VER M\u00c1S: Higuera confirma que \u2018Gullit\u2019 Pe\u00f1a jugar\u00e1 con el Rangers<\/a><\/span><\/p>\n<blockquote><p>&#8220;Debido a la admiraci\u00f3n y al respeto que siento por el <strong>Leicester City<\/strong>, quiero ser totalmente honesto y transparente. He informado al club de que es el momento de marcharme&#8221;, afirm\u00f3 <strong>Mahrez<\/strong> a trav\u00e9s de un comunicado.<\/p>\n<p>&#8220;Tuve una buena charla con el presidente el verano pasado y acordamos que me quedar\u00eda un a\u00f1o m\u00e1s para ayudar al Leicester en todo lo que pudiera en esa transici\u00f3n tras ganar el t\u00edtulo y jugar la Champions League. Sin embargo, soy alguien ambicioso y creo que es el momento de afrontar de una nueva experiencia&#8221;, a\u00f1adi\u00f3.<\/p><\/blockquote>\n<p>El mediapunta, nombrado mejor jugador del a\u00f1o en la Premier League el curso pasado, fue uno de los baluartes de los <em>Foxes<\/em>\u00a0que dieron la sorpresa y se coronaron, contra todo pron\u00f3stico, campeones de la Premier League s\u00f3lo un a\u00f1o despu\u00e9s de evitar por poco el descenso a la Championship.<\/p>\n<blockquote><p>&#8220;La pasada temporada fue una de las mejores de mi carrera y disfrut\u00e9 cada momento. Siento un orgullo tremendo de ser parte de eso que logramos durante mi tiempo en el club. He tenido siempre una buena relaci\u00f3n con el presidente y espero haber devuelto esa confianza con mi rendimiento y mis buenas actuaciones sobre el terreno de juego&#8221;, subray\u00f3 <strong>Mahrez<\/strong>.<\/p>\n<p>&#8220;La relaci\u00f3n que tengo con el club y con nuestros incre\u00edbles aficionados es algo que guardar\u00e9 conmigo para siempre, y espero que entiendan y respeten mi decisi\u00f3n&#8221;, dijo el africano en la misiva. EFE<\/p><\/blockquote>\n<p style=\"text-align: center;\"><span style=\"color: #3366ff;\"><a style=\"color: #3366ff;\" href=\"https:\/\/www.futboltotal.com.mx\/2017\/05\/eduardo-vargas-alista-salida-tigres\/\">VER M\u00c1S: Eduardo Vargas alista su salida de Tigres<\/a><\/span><\/p>\n","protected":false},"excerpt":{"rendered":"<p>El argelino fue el mejor jugador de la Premier League 2015-16.<\/p>\n","protected":false},"author":144,"featured_media":481371,"comment_status":"closed","ping_status":"closed","sticky":false,"template":"","format":"standard","meta":[],"categories":[3839],"tags":[6214,775],"_links":{"self":[{"href":"http:\/\/desarrollo.grupomedios.com\/futbol\/wp-json\/wp\/v2\/posts\/481370"}],"collection":[{"href":"http:\/\/desarrollo.grupomedios.com\/futbol\/wp-json\/wp\/v2\/posts"}],"about":[{"href":"http:\/\/desarrollo.grupomedios.com\/futbol\/wp-json\/wp\/v2\/types\/post"}],"author":[{"embeddable":true,"href":"http:\/\/desarrollo.grupomedios.com\/futbol\/wp-json\/wp\/v2\/users\/144"}],"replies":[{"embeddable":true,"href":"http:\/\/desarrollo.grupomedios.com\/futbol\/wp-json\/wp\/v2\/comments?post=481370"}],"version-history":[{"count":1,"href":"http:\/\/desarrollo.grupomedios.com\/futbol\/wp-json\/wp\/v2\/posts\/481370\/revisions"}],"predecessor-version":[{"id":481372,"href":"http:\/\/desarrollo.grupomedios.com\/futbol\/wp-json\/wp\/v2\/posts\/481370\/revisions\/481372"}],"wp:featuredmedia":[{"embeddable":true,"href":"http:\/\/desarrollo.grupomedios.com\/futbol\/wp-json\/wp\/v2\/media\/481371"}],"wp:attachment":[{"href":"http:\/\/desarrollo.grupomedios.com\/futbol\/wp-json\/wp\/v2\/media?parent=481370"}],"wp:term":[{"taxonomy":"category","embeddable":true,"href":"http:\/\/desarrollo.grupomedios.com\/futbol\/wp-json\/wp\/v2\/categories?post=481370"},{"taxonomy":"post_tag","embeddable":true,"href":"http:\/\/desarrollo.grupomedios.com\/futbol\/wp-json\/wp\/v2\/tags?post=481370"}],"curies":[{"name":"wp","href":"https:\/\/api.w.org\/{rel}","templated":true}]}}